{"id":15088,"date":"2017-06-19T09:04:28","date_gmt":"2017-06-19T14:04:28","guid":{"rendered":"http:\/\/www.ecuadoraldia.com.ec\/?p=15088"},"modified":"2017-06-19T09:04:28","modified_gmt":"2017-06-19T14:04:28","slug":"esperan-a-jorge-glas-en-la-comision-de-fiscalizacion","status":"publish","type":"post","link":"https:\/\/www.ecuadoraldia.com.ec\/?p=15088","title":{"rendered":"Esperan a Jorge Glas en la Comisi\u00f3n de Fiscalizaci\u00f3n"},"content":{"rendered":"<p><a href=\"http:\/\/www.ecuadoraldia.com.ec\/wp-content\/uploads\/2017\/06\/jorge.jpg\"><img loading=\"lazy\" decoding=\"async\" class=\"alignleft size-medium wp-image-15089\" src=\"http:\/\/www.ecuadoraldia.com.ec\/wp-content\/uploads\/2017\/06\/jorge-300x167.jpg\" alt=\"\" width=\"300\" height=\"167\" srcset=\"https:\/\/www.ecuadoraldia.com.ec\/wp-content\/uploads\/2017\/06\/jorge-300x167.jpg 300w, https:\/\/www.ecuadoraldia.com.ec\/wp-content\/uploads\/2017\/06\/jorge.jpg 612w\" sizes=\"(max-width: 300px) 100vw, 300px\" \/><\/a>Esta semana est\u00e1 previsto que el vicepresidente de la Rep\u00fablica, Jorge Glas, acuda a la Comisi\u00f3n de Fiscalizaci\u00f3n para que informe sobre su gesti\u00f3n al frente de los sectores estrat\u00e9gicos, seg\u00fan trascendi\u00f3 en la Asamblea Nacional. Sin embargo, a\u00fan no se ha precisado el d\u00eda y la hora para que sea recibido.<\/p>\n<p>Su asistencia se da en medio de una pugna con la Comisi\u00f3n de Participaci\u00f3n Ciudadana, integrada en su totalidad por legisladores de la oposici\u00f3n, que tambi\u00e9n quieren que acuda a esta Mesa legislativa, por lo que con fecha 15 de junio le remitieron una invitaci\u00f3n para que asista el mi\u00e9rcoles 21 a las 15:00 para que informe si tiene participaci\u00f3n o no en el caso Odebrecht.<\/p>\n<p>Fernando Burbano, asamble\u00edsta de la alianza CREO-SUMA, manifest\u00f3 que deber\u00eda acudir a Participaci\u00f3n Ciudadana, ya que si va a la de Fiscalizaci\u00f3n, donde hay mayor\u00eda oficialista, se convertir\u00eda en una \u201cconversaci\u00f3n de amigos\u201d.<\/p>\n<p>Asegura que la Comisi\u00f3n opositora s\u00ed tiene competencia para invitar directamente al segundo mandatario: \u201cEl problema es que al se\u00f1or Glas se lo llama a la Comisi\u00f3n de Participaci\u00f3n Ciudadana y prefiere ir donde sus amigos, esa es la diferencia\u201d, dijo Burbano.<\/p>\n<p>Para el segundo vicepresidente de la Asamblea, Carlos Bergmann (PAIS), son comisiones con \u00e1mbito de competencias diferentes, por lo que corresponde que asista a la de Fiscalizaci\u00f3n, donde los legisladores de variadas bancadas podr\u00e1n hacer las preguntas que consideren necesarias. \u201cAl acudir a la Comisi\u00f3n de Fiscalizaci\u00f3n est\u00e1 present\u00e1ndose ante la Asamblea Nacional y eso es lo m\u00e1s importante\u201d, dijo Bergmann. ( La Hora)<\/p>\n","protected":false},"excerpt":{"rendered":"<p>Esta semana est\u00e1 previsto que el vicepresidente de la Rep\u00fablica, Jorge Glas, acuda a la Comisi\u00f3n de Fiscalizaci\u00f3n para que<\/p>\n","protected":false},"author":1,"featured_media":15089,"comment_status":"closed","ping_status":"closed","sticky":false,"template":"","format":"standard","meta":{"footnotes":""},"categories":[3],"tags":[],"_links":{"self":[{"href":"https:\/\/www.ecuadoraldia.com.ec\/index.php?rest_route=\/wp\/v2\/posts\/15088"}],"collection":[{"href":"https:\/\/www.ecuadoraldia.com.ec\/index.php?rest_route=\/wp\/v2\/posts"}],"about":[{"href":"https:\/\/www.ecuadoraldia.com.ec\/index.php?rest_route=\/wp\/v2\/types\/post"}],"author":[{"embeddable":true,"href":"https:\/\/www.ecuadoraldia.com.ec\/index.php?rest_route=\/wp\/v2\/users\/1"}],"replies":[{"embeddable":true,"href":"https:\/\/www.ecuadoraldia.com.ec\/index.php?rest_route=%2Fwp%2Fv2%2Fcomments&post=15088"}],"version-history":[{"count":1,"href":"https:\/\/www.ecuadoraldia.com.ec\/index.php?rest_route=\/wp\/v2\/posts\/15088\/revisions"}],"predecessor-version":[{"id":15090,"href":"https:\/\/www.ecuadoraldia.com.ec\/index.php?rest_route=\/wp\/v2\/posts\/15088\/revisions\/15090"}],"wp:featuredmedia":[{"embeddable":true,"href":"https:\/\/www.ecuadoraldia.com.ec\/index.php?rest_route=\/wp\/v2\/media\/15089"}],"wp:attachment":[{"href":"https:\/\/www.ecuadoraldia.com.ec\/index.php?rest_route=%2Fwp%2Fv2%2Fmedia&parent=15088"}],"wp:term":[{"taxonomy":"category","embeddable":true,"href":"https:\/\/www.ecuadoraldia.com.ec\/index.php?rest_route=%2Fwp%2Fv2%2Fcategories&post=15088"},{"taxonomy":"post_tag","embeddable":true,"href":"https:\/\/www.ecuadoraldia.com.ec\/index.php?rest_route=%2Fwp%2Fv2%2Ftags&post=15088"}],"curies":[{"name":"wp","href":"https:\/\/api.w.org\/{rel}","templated":true}]}}