{"id":15091,"date":"2017-06-19T09:33:48","date_gmt":"2017-06-19T14:33:48","guid":{"rendered":"http:\/\/www.ecuadoraldia.com.ec\/?p=15091"},"modified":"2017-06-19T09:33:48","modified_gmt":"2017-06-19T14:33:48","slug":"emelec-resigna-puntos-ante-independiente-del-valle","status":"publish","type":"post","link":"https:\/\/www.ecuadoraldia.com.ec\/?p=15091","title":{"rendered":"Emelec resigna puntos ante Independiente del Valle"},"content":{"rendered":"<p><a href=\"http:\/\/www.ecuadoraldia.com.ec\/wp-content\/uploads\/2017\/06\/emelec.jpg\"><img loading=\"lazy\" decoding=\"async\" class=\"alignleft size-medium wp-image-15092\" src=\"http:\/\/www.ecuadoraldia.com.ec\/wp-content\/uploads\/2017\/06\/emelec-300x181.jpg\" alt=\"\" width=\"300\" height=\"181\" srcset=\"https:\/\/www.ecuadoraldia.com.ec\/wp-content\/uploads\/2017\/06\/emelec-300x181.jpg 300w, https:\/\/www.ecuadoraldia.com.ec\/wp-content\/uploads\/2017\/06\/emelec.jpg 617w\" sizes=\"(max-width: 300px) 100vw, 300px\" \/><\/a>El empate 1-1 de ayer en el estadio George Capwell entre Emelec e Independiente del Valle es malo para el \u2018Bombillo\u2019 y no puede ser tan bueno para los \u2018rayados\u2019. El punto que sumaron ayer, en el cierre de la d\u00e9cimo novena jornada, deja a Delf\u00edn como l\u00edder en solitario con 8 y 5 puntos de diferencia, respectivamente a los dos clubes.<\/p>\n<p>El \u2018Bombillo\u2019, con dos juegos pendientes, podr\u00eda aspirar a\u00fan a ser primera al final de la etapa, pero tendr\u00e1 que esperar un traspi\u00e9 del Delf\u00edn y que Barcelona, con un punto m\u00e1s, tambi\u00e9n pierda.<br \/>\nDesde el Valle<\/p>\n<p>Independiente se adelant\u00f3 en el marcador a los 17 minutos. Michael Estrada anot\u00f3 de contragolpe, pero el esfuerzo en la jugada del gol hizo que se vaya lesionado. Perder esa fuerza ofensiva merm\u00f3 las opciones del cuadro visitante.<\/p>\n<p>Emelec, por su lado, busc\u00f3 el gol desde todos los \u00e1ngulos. Joao Rojas, quien ingres\u00f3 al segundo tiempo, convirti\u00f3 el tanto del empate a los 55 minutos.<\/p>\n<p>De ah\u00ed en m\u00e1s, los dirigidos por Alfredo Arias buscaron el tanto del triunfo que no lleg\u00f3. En la \u00faltima jugada del partido, Pita, del Independiente, pudo anotar, pero fall\u00f3. (WOM)<br \/>\nTabla de posiciones<br \/>\nA la fecha 19<\/p>\n<p>Equipo PJ PTS GD<br \/>\n1.- Delf\u00edn 19 41 +18<br \/>\n2.- Ind. del Valle 19 36 +12<br \/>\n3.- Barcelona 17 34 +15<br \/>\n4.- Emelec 17 33 +12<br \/>\n5.- D. Cuenca 19 25 0<br \/>\n6.- Macar\u00e1 18 25 -3<br \/>\n7.- River Ecuador 18 22 -1<br \/>\n8.- U. Cat\u00f3lica 17 20 +3<br \/>\n9.- El Nacional 19 16 -13<br \/>\n10.- Fuerza Amarilla 19 14 -12<br \/>\n11.- Liga de Quito 17 11 -10<br \/>\n12.- Clan Juvenil 19 11 -21<br \/>\nFecha 20<br \/>\nPartidos<\/p>\n<p>Barcelona vs. Delf\u00edn<br \/>\nFuerza Amarilla vs. D. Cuenca<br \/>\nInd. del Valle vs. River EC<br \/>\nLiga de Quito vs. Emelec<br \/>\nMacar\u00e1 vs. Clan Juvenil<br \/>\nU. Cat\u00f3lica vs. El Nacional(Fuente la hora)<\/p>\n","protected":false},"excerpt":{"rendered":"<p>El empate 1-1 de ayer en el estadio George Capwell entre Emelec e Independiente del Valle es malo para el<\/p>\n","protected":false},"author":1,"featured_media":15092,"comment_status":"closed","ping_status":"closed","sticky":false,"template":"","format":"standard","meta":{"footnotes":""},"categories":[10],"tags":[],"_links":{"self":[{"href":"https:\/\/www.ecuadoraldia.com.ec\/index.php?rest_route=\/wp\/v2\/posts\/15091"}],"collection":[{"href":"https:\/\/www.ecuadoraldia.com.ec\/index.php?rest_route=\/wp\/v2\/posts"}],"about":[{"href":"https:\/\/www.ecuadoraldia.com.ec\/index.php?rest_route=\/wp\/v2\/types\/post"}],"author":[{"embeddable":true,"href":"https:\/\/www.ecuadoraldia.com.ec\/index.php?rest_route=\/wp\/v2\/users\/1"}],"replies":[{"embeddable":true,"href":"https:\/\/www.ecuadoraldia.com.ec\/index.php?rest_route=%2Fwp%2Fv2%2Fcomments&post=15091"}],"version-history":[{"count":1,"href":"https:\/\/www.ecuadoraldia.com.ec\/index.php?rest_route=\/wp\/v2\/posts\/15091\/revisions"}],"predecessor-version":[{"id":15093,"href":"https:\/\/www.ecuadoraldia.com.ec\/index.php?rest_route=\/wp\/v2\/posts\/15091\/revisions\/15093"}],"wp:featuredmedia":[{"embeddable":true,"href":"https:\/\/www.ecuadoraldia.com.ec\/index.php?rest_route=\/wp\/v2\/media\/15092"}],"wp:attachment":[{"href":"https:\/\/www.ecuadoraldia.com.ec\/index.php?rest_route=%2Fwp%2Fv2%2Fmedia&parent=15091"}],"wp:term":[{"taxonomy":"category","embeddable":true,"href":"https:\/\/www.ecuadoraldia.com.ec\/index.php?rest_route=%2Fwp%2Fv2%2Fcategories&post=15091"},{"taxonomy":"post_tag","embeddable":true,"href":"https:\/\/www.ecuadoraldia.com.ec\/index.php?rest_route=%2Fwp%2Fv2%2Ftags&post=15091"}],"curies":[{"name":"wp","href":"https:\/\/api.w.org\/{rel}","templated":true}]}}