{"id":15094,"date":"2017-06-19T09:38:15","date_gmt":"2017-06-19T14:38:15","guid":{"rendered":"http:\/\/www.ecuadoraldia.com.ec\/?p=15094"},"modified":"2017-06-19T10:41:38","modified_gmt":"2017-06-19T15:41:38","slug":"richard-carapaz-termina-segundo-en-clasificacion-general-de-la-ruta-del-sur","status":"publish","type":"post","link":"https:\/\/www.ecuadoraldia.com.ec\/?p=15094","title":{"rendered":"Carapaz segundo en clasificaci\u00f3n general de la Ruta del Sur"},"content":{"rendered":"<figure id=\"attachment_15100\" aria-describedby=\"caption-attachment-15100\" style=\"width: 300px\" class=\"wp-caption alignleft\"><a href=\"http:\/\/www.ecuadoraldia.com.ec\/wp-content\/uploads\/2017\/06\/ricahrd_carapaz_.jpg\"><img loading=\"lazy\" decoding=\"async\" class=\"size-medium wp-image-15100\" src=\"http:\/\/www.ecuadoraldia.com.ec\/wp-content\/uploads\/2017\/06\/ricahrd_carapaz_-300x200.jpg\" alt=\"\" width=\"300\" height=\"200\" srcset=\"https:\/\/www.ecuadoraldia.com.ec\/wp-content\/uploads\/2017\/06\/ricahrd_carapaz_-300x200.jpg 300w, https:\/\/www.ecuadoraldia.com.ec\/wp-content\/uploads\/2017\/06\/ricahrd_carapaz_.jpg 580w\" sizes=\"(max-width: 300px) 100vw, 300px\" \/><\/a><figcaption id=\"caption-attachment-15100\" class=\"wp-caption-text\">foto andes<\/figcaption><\/figure>\n<p>Es cuesti\u00f3n de tiempo. El triunfo final para Richard Carapaz se ve llegar. Esta vez, en la Ruta del Sur (Francia), se qued\u00f3 a siete segundos, por las bonificaciones, del ganador de la clasificaci\u00f3n general, el suizo Silvan Dillier.<\/p>\n<p>Entre los j\u00f3venes, el pedalista de 24 a\u00f1os del Movistar Team, s\u00ed fue el mejor.<\/p>\n<p>\u201cAnte todo muy contento, creo que al final ha faltado un poquito, pero me voy muy lleno con la satisfacci\u00f3n de que lo he dado todo\u201d, dijo el pedalista carchense, quien hace su primera temporada en el ciclismo profesional.<\/p>\n<p>Seguir a esa rueda<\/p>\n<p>Carapaz no est\u00e1 en la n\u00f3mina del Tour de Francia y tampoco fue parte del Giro de Italia. \u00c9l no se desespera. Sabe que ese momento llegar\u00e1, como se\u00f1al\u00f3 en una entrevista pasada.<\/p>\n<p>Mientras ese momento llega el \u2018Tricolor\u2019 cumple las tareas al pie de la letra que le designa el cuerpo de entrenadores de la escuadra espa\u00f1ola encabezados por Eusebio Unzu\u00e9. (WOM)<br \/>\nScully gana en el circuito de Nogaro<\/p>\n<p>El neozeland\u00e9s Tom Scully (Cannondale Drapac) se impuso en el esprint a sus compa\u00f1eros de fuga en la quinta y \u00faltima etapa, que concluy\u00f3 en el circuito de Nogaro, y el suizo Silvan Dillier (BMC) se proclam\u00f3 vencedor final, manteniendo el jersey de l\u00edder que hab\u00eda tomado la v\u00edspera.<\/p>\n<p>Justo cuando el pelot\u00f3n perseguidor atrapaba a los fugados, Scully lanz\u00f3 un esprint largo que dej\u00f3 sin opciones a los especialistas que llegaban por detr\u00e1s con la esperanza de llegar a tiempo de disputar la victoria. EFE<\/p>\n<p>Ruta del Sur<\/p>\n<p>Clasificaci\u00f3n general<br \/>\n1. Silvan Dillier (SUI\/BMC) 17h11:09<br \/>\n2. Richard Carapaz (ECU\/Movistar) a 0:07<br \/>\n3. Kenny Elissonde (FRA\/Sky) a 01:44 (La hora)<\/p>\n","protected":false},"excerpt":{"rendered":"<p>Es cuesti\u00f3n de tiempo. El triunfo final para Richard Carapaz se ve llegar. Esta vez, en la Ruta del Sur<\/p>\n","protected":false},"author":1,"featured_media":15100,"comment_status":"closed","ping_status":"closed","sticky":false,"template":"","format":"standard","meta":{"footnotes":""},"categories":[10],"tags":[],"_links":{"self":[{"href":"https:\/\/www.ecuadoraldia.com.ec\/index.php?rest_route=\/wp\/v2\/posts\/15094"}],"collection":[{"href":"https:\/\/www.ecuadoraldia.com.ec\/index.php?rest_route=\/wp\/v2\/posts"}],"about":[{"href":"https:\/\/www.ecuadoraldia.com.ec\/index.php?rest_route=\/wp\/v2\/types\/post"}],"author":[{"embeddable":true,"href":"https:\/\/www.ecuadoraldia.com.ec\/index.php?rest_route=\/wp\/v2\/users\/1"}],"replies":[{"embeddable":true,"href":"https:\/\/www.ecuadoraldia.com.ec\/index.php?rest_route=%2Fwp%2Fv2%2Fcomments&post=15094"}],"version-history":[{"count":5,"href":"https:\/\/www.ecuadoraldia.com.ec\/index.php?rest_route=\/wp\/v2\/posts\/15094\/revisions"}],"predecessor-version":[{"id":15101,"href":"https:\/\/www.ecuadoraldia.com.ec\/index.php?rest_route=\/wp\/v2\/posts\/15094\/revisions\/15101"}],"wp:featuredmedia":[{"embeddable":true,"href":"https:\/\/www.ecuadoraldia.com.ec\/index.php?rest_route=\/wp\/v2\/media\/15100"}],"wp:attachment":[{"href":"https:\/\/www.ecuadoraldia.com.ec\/index.php?rest_route=%2Fwp%2Fv2%2Fmedia&parent=15094"}],"wp:term":[{"taxonomy":"category","embeddable":true,"href":"https:\/\/www.ecuadoraldia.com.ec\/index.php?rest_route=%2Fwp%2Fv2%2Fcategories&post=15094"},{"taxonomy":"post_tag","embeddable":true,"href":"https:\/\/www.ecuadoraldia.com.ec\/index.php?rest_route=%2Fwp%2Fv2%2Ftags&post=15094"}],"curies":[{"name":"wp","href":"https:\/\/api.w.org\/{rel}","templated":true}]}}