{"id":15105,"date":"2017-06-20T13:10:03","date_gmt":"2017-06-20T18:10:03","guid":{"rendered":"http:\/\/www.ecuadoraldia.com.ec\/?p=15105"},"modified":"2017-06-20T13:10:03","modified_gmt":"2017-06-20T18:10:03","slug":"dialogo-nacional-bajo-decreto-presidencial","status":"publish","type":"post","link":"https:\/\/www.ecuadoraldia.com.ec\/?p=15105","title":{"rendered":"&#8216;Di\u00e1logo Nacional&#8217; bajo decreto presidencial"},"content":{"rendered":"<figure id=\"attachment_15106\" aria-describedby=\"caption-attachment-15106\" style=\"width: 300px\" class=\"wp-caption alignleft\"><a href=\"http:\/\/www.ecuadoraldia.com.ec\/wp-content\/uploads\/2017\/06\/leninguye.jpg\"><img loading=\"lazy\" decoding=\"async\" class=\"size-medium wp-image-15106\" src=\"http:\/\/www.ecuadoraldia.com.ec\/wp-content\/uploads\/2017\/06\/leninguye-300x143.jpg\" alt=\"\" width=\"300\" height=\"143\" srcset=\"https:\/\/www.ecuadoraldia.com.ec\/wp-content\/uploads\/2017\/06\/leninguye-300x143.jpg 300w, https:\/\/www.ecuadoraldia.com.ec\/wp-content\/uploads\/2017\/06\/leninguye.jpg 557w\" sizes=\"(max-width: 300px) 100vw, 300px\" \/><\/a><figcaption id=\"caption-attachment-15106\" class=\"wp-caption-text\">Lenin Moreno en primera rauni\u00f3n del Di\u00e1logo Nacional<\/figcaption><\/figure>\n<p>El presidente de la Rep\u00fablica, Len\u00edn Moreno, firm\u00f3 al mediod\u00eda de este martes 20 de junio de 2017, el Decreto Ejecutivo que institucionaliza la iniciativa bautizada como &#8216;Di\u00e1logo Nacional&#8217; y que fue presentada en Guayaquil.<\/p>\n<p>El Mandatario, en un discurso que se extendi\u00f3 por poco m\u00e1s de media hora, asegur\u00f3 que con este proyecto se inicia una \u00abetapa de consenso\u00bb nacional.<\/p>\n<p>Paola Pab\u00f3n, Secretaria de la Pol\u00edtica, explic\u00f3 que el &#8216;Di\u00e1logo Nacional&#8217; prev\u00e9 la instalaci\u00f3n de siete mesas pol\u00edtico-estrat\u00e9gicas que congregar\u00e1n a representantes del Ejecutivo y participantes de la sociedad civil, en las cuales se abordar\u00e1n \u00e1reas de inter\u00e9s de la coyuntura nacional vinculadas con al menos 22 temas como la educaci\u00f3n intercultural biling\u00fce, la pol\u00edtica tributaria, la lucha contra la corrupci\u00f3n, el concurso de frecuencias de radio y televisi\u00f3n, el acceso a la educaci\u00f3n superior, pedidos de amnist\u00eda, la reforma de la Ley Org\u00e1nica de Comunicaci\u00f3n, entre otros.<\/p>\n<p>Las mesas que se instalar\u00e1n son: Acuerdo Plurinacional, Consejo Consultivo Empresarial, Acuerdo por la Unidad, Acuerdo por la Informaci\u00f3n, Acuerdo por la Educaci\u00f3n, Acuerdo por el Agro y Lucha contra la Corrupci\u00f3n. Al acto de presentaci\u00f3n de la iniciativa acudieron al menos 250 representantes de diferentes sectores del pa\u00eds, como organizaciones de mujeres, empresarios, trabajadores, agricultores, j\u00f3venes, pueblos y nacionalidades. Martha Yuquilema, dirigente quichua de la Costa ecuatoriana, fue la encargada de hablar en representaci\u00f3n de las organizaciones sociales que participar\u00e1n en la iniciativa.<\/p>\n<p>\u00abEs momento de fortalecer la democracia e impulsar nuevos cambios en el pa\u00eds (&#8230;). En los territorios a\u00fan hay mucho por hacer\u00bb, aclar\u00f3 la dirigente. En su alocuci\u00f3n, el Primer Mandatario manifest\u00f3 que \u00abdialogar no es una muestra de debilidad\u00bb y que, al contrario, demuestra sabidur\u00eda de las autoridades. Moreno advirti\u00f3 que ser\u00e1 \u00abfirme\u00bb en aceptar solo las propuestas que beneficien al pa\u00eds y los ciudadanos.<\/p>\n<p>\u00abEs el momento de la reconcialiaci\u00f3n. El pa\u00eds nos necesita unidos, sin odios ni rencores\u00bb, resalt\u00f3 el gobernante, quien tambi\u00e9n confirm\u00f3 que hoy se reunir\u00e1 con el alcalde de Guayaquil, Jaime Nebot, y ma\u00f1ana lo har\u00e1 con el de Quito, Mauricio Rodas.<\/p>\n<p>Rodas, puntualiz\u00f3 la importancia de debatir los temas de inter\u00e9s nacional y buscar soluciones conjuntas. En la asamblea, la congresista de AP, Soledad Buend\u00eda, destac\u00f3 la importanccia de evento, en el que deben participar todos los gobiernos, provinciales, locales y parroquiales para coadyuvar el desarrollo sostenible del Pa\u00eds. (I).<\/p>\n","protected":false},"excerpt":{"rendered":"<p>El presidente de la Rep\u00fablica, Len\u00edn Moreno, firm\u00f3 al mediod\u00eda de este martes 20 de junio de 2017, el Decreto<\/p>\n","protected":false},"author":1,"featured_media":15106,"comment_status":"closed","ping_status":"closed","sticky":false,"template":"","format":"standard","meta":{"footnotes":""},"categories":[11],"tags":[],"_links":{"self":[{"href":"https:\/\/www.ecuadoraldia.com.ec\/index.php?rest_route=\/wp\/v2\/posts\/15105"}],"collection":[{"href":"https:\/\/www.ecuadoraldia.com.ec\/index.php?rest_route=\/wp\/v2\/posts"}],"about":[{"href":"https:\/\/www.ecuadoraldia.com.ec\/index.php?rest_route=\/wp\/v2\/types\/post"}],"author":[{"embeddable":true,"href":"https:\/\/www.ecuadoraldia.com.ec\/index.php?rest_route=\/wp\/v2\/users\/1"}],"replies":[{"embeddable":true,"href":"https:\/\/www.ecuadoraldia.com.ec\/index.php?rest_route=%2Fwp%2Fv2%2Fcomments&post=15105"}],"version-history":[{"count":1,"href":"https:\/\/www.ecuadoraldia.com.ec\/index.php?rest_route=\/wp\/v2\/posts\/15105\/revisions"}],"predecessor-version":[{"id":15107,"href":"https:\/\/www.ecuadoraldia.com.ec\/index.php?rest_route=\/wp\/v2\/posts\/15105\/revisions\/15107"}],"wp:featuredmedia":[{"embeddable":true,"href":"https:\/\/www.ecuadoraldia.com.ec\/index.php?rest_route=\/wp\/v2\/media\/15106"}],"wp:attachment":[{"href":"https:\/\/www.ecuadoraldia.com.ec\/index.php?rest_route=%2Fwp%2Fv2%2Fmedia&parent=15105"}],"wp:term":[{"taxonomy":"category","embeddable":true,"href":"https:\/\/www.ecuadoraldia.com.ec\/index.php?rest_route=%2Fwp%2Fv2%2Fcategories&post=15105"},{"taxonomy":"post_tag","embeddable":true,"href":"https:\/\/www.ecuadoraldia.com.ec\/index.php?rest_route=%2Fwp%2Fv2%2Ftags&post=15105"}],"curies":[{"name":"wp","href":"https:\/\/api.w.org\/{rel}","templated":true}]}}