{"id":15108,"date":"2017-06-20T13:18:52","date_gmt":"2017-06-20T18:18:52","guid":{"rendered":"http:\/\/www.ecuadoraldia.com.ec\/?p=15108"},"modified":"2017-06-20T13:18:52","modified_gmt":"2017-06-20T18:18:52","slug":"consejo-de-participacion-explico-como-se-eligio-al-contralor","status":"publish","type":"post","link":"https:\/\/www.ecuadoraldia.com.ec\/?p=15108","title":{"rendered":"Consejo de Participaci\u00f3n explic\u00f3 c\u00f3mo se eligi\u00f3 al contralor"},"content":{"rendered":"<p><a href=\"http:\/\/www.ecuadoraldia.com.ec\/wp-content\/uploads\/2017\/06\/cpc.jpg\"><img loading=\"lazy\" decoding=\"async\" class=\"alignleft size-medium wp-image-15109\" src=\"http:\/\/www.ecuadoraldia.com.ec\/wp-content\/uploads\/2017\/06\/cpc-300x142.jpg\" alt=\"\" width=\"300\" height=\"142\" srcset=\"https:\/\/www.ecuadoraldia.com.ec\/wp-content\/uploads\/2017\/06\/cpc-300x142.jpg 300w, https:\/\/www.ecuadoraldia.com.ec\/wp-content\/uploads\/2017\/06\/cpc-768x362.jpg 768w, https:\/\/www.ecuadoraldia.com.ec\/wp-content\/uploads\/2017\/06\/cpc-1024x483.jpg 1024w, https:\/\/www.ecuadoraldia.com.ec\/wp-content\/uploads\/2017\/06\/cpc.jpg 1170w\" sizes=\"(max-width: 300px) 100vw, 300px\" \/><\/a>El pleno del Organismo de Control Ciudadano, concurri\u00f3 a la Comisi\u00f3n de Fiscalizaci\u00f3n de la Asamblea Nacional, para aclarar el proceso de selecci\u00f3n de los representantes de los Organismos de Control del Estado.<\/p>\n<p>La presidenta de la Comisi\u00f3n de Participaci\u00f3n Ciudadana y Control Social (Cpccs), Raquel Gonz\u00e1lez, explic\u00f3 esta ma\u00f1ana en la Asamblea Nacional c\u00f3mo se desarroll\u00f3 el concurso de selecci\u00f3n del contralor Carlos P\u00f3lit.<\/p>\n<p>Gonz\u00e1lez manifest\u00f3 que la instituci\u00f3n fue creada para facilitar y fortalecer el derecho de participaci\u00f3n. Detall\u00f3 que todo proceso de designaci\u00f3n inicia con la convocatoria a la veedur\u00eda ciudadana, que analiza la documentaci\u00f3n de cada etapa. Seg\u00fan la funcionaria, 100 veedores acreditados dieron seguimiento al proceso de selecci\u00f3n y designaci\u00f3n del contralor general del Estado.<\/p>\n<p>Detall\u00f3 que la prueba fue rendida el 16 de febrero por 14 postulantes. Este proceso, seg\u00fan detall\u00f3, fue coordinado por el presidente de la comisi\u00f3n de selecci\u00f3n. Gonz\u00e1lez afirm\u00f3 que ninguno de los 13 postulantes realiz\u00f3 alg\u00fan reparo, objeci\u00f3n ni denuncia al proceso.<\/p>\n<p>\u00abEl Consejo de Participaci\u00f3n tiene procesos bien documentados y directrices que permiten gestionar la seguridad de la informaci\u00f3n\u00bb. La presidenta del Cpccs inform\u00f3 que la comisi\u00f3n ciudadana de selecci\u00f3n el 6 de marzo de 2017 emiti\u00f3 el informe final, en donde se detall\u00f3 que P\u00f3lit obtuvo 48 puntos en m\u00e9ritos y 47 en la prueba de oposici\u00f3n, sumados dio un total de 95 puntos. De esta manera, seg\u00fan Gonz\u00e1lez, se ofici\u00f3 el proceso el 8 de marzo y finalmente el 15 de marzo fue posesionado.<\/p>\n<p>Ente organo de control estatal, es llamado a comparecer tras el escnandalo de corrupci\u00f3n que involucra a funcionarios del sector p\u00fablico con la constructora brasile\u00f1a Norberto Odebrecht.<\/p>\n<p>En el caso del Contralor carlos Polit, este se encuentra fuera del Pa\u00eds con permiso m\u00e9dico de 60 d\u00edas.(I)<\/p>\n","protected":false},"excerpt":{"rendered":"<p>El pleno del Organismo de Control Ciudadano, concurri\u00f3 a la Comisi\u00f3n de Fiscalizaci\u00f3n de la Asamblea Nacional, para aclarar el<\/p>\n","protected":false},"author":1,"featured_media":15109,"comment_status":"closed","ping_status":"closed","sticky":false,"template":"","format":"standard","meta":{"footnotes":""},"categories":[3],"tags":[],"_links":{"self":[{"href":"https:\/\/www.ecuadoraldia.com.ec\/index.php?rest_route=\/wp\/v2\/posts\/15108"}],"collection":[{"href":"https:\/\/www.ecuadoraldia.com.ec\/index.php?rest_route=\/wp\/v2\/posts"}],"about":[{"href":"https:\/\/www.ecuadoraldia.com.ec\/index.php?rest_route=\/wp\/v2\/types\/post"}],"author":[{"embeddable":true,"href":"https:\/\/www.ecuadoraldia.com.ec\/index.php?rest_route=\/wp\/v2\/users\/1"}],"replies":[{"embeddable":true,"href":"https:\/\/www.ecuadoraldia.com.ec\/index.php?rest_route=%2Fwp%2Fv2%2Fcomments&post=15108"}],"version-history":[{"count":1,"href":"https:\/\/www.ecuadoraldia.com.ec\/index.php?rest_route=\/wp\/v2\/posts\/15108\/revisions"}],"predecessor-version":[{"id":15110,"href":"https:\/\/www.ecuadoraldia.com.ec\/index.php?rest_route=\/wp\/v2\/posts\/15108\/revisions\/15110"}],"wp:featuredmedia":[{"embeddable":true,"href":"https:\/\/www.ecuadoraldia.com.ec\/index.php?rest_route=\/wp\/v2\/media\/15109"}],"wp:attachment":[{"href":"https:\/\/www.ecuadoraldia.com.ec\/index.php?rest_route=%2Fwp%2Fv2%2Fmedia&parent=15108"}],"wp:term":[{"taxonomy":"category","embeddable":true,"href":"https:\/\/www.ecuadoraldia.com.ec\/index.php?rest_route=%2Fwp%2Fv2%2Fcategories&post=15108"},{"taxonomy":"post_tag","embeddable":true,"href":"https:\/\/www.ecuadoraldia.com.ec\/index.php?rest_route=%2Fwp%2Fv2%2Ftags&post=15108"}],"curies":[{"name":"wp","href":"https:\/\/api.w.org\/{rel}","templated":true}]}}