{"id":15180,"date":"2017-06-28T15:21:44","date_gmt":"2017-06-28T20:21:44","guid":{"rendered":"http:\/\/www.ecuadoraldia.com.ec\/?p=15180"},"modified":"2017-06-28T15:21:44","modified_gmt":"2017-06-28T20:21:44","slug":"carlos-polit-sera-juzgado-en-ausencia-por-la-asamblea","status":"publish","type":"post","link":"https:\/\/www.ecuadoraldia.com.ec\/?p=15180","title":{"rendered":"Carlos P\u00f3lit ser\u00e1 juzgado en ausencia por la Asamblea"},"content":{"rendered":"<p><a href=\"http:\/\/www.ecuadoraldia.com.ec\/wp-content\/uploads\/2017\/06\/carlos-polit-a-juicio-el-domingo.jpg\"><img loading=\"lazy\" decoding=\"async\" class=\"alignleft size-medium wp-image-15181\" src=\"http:\/\/www.ecuadoraldia.com.ec\/wp-content\/uploads\/2017\/06\/carlos-polit-a-juicio-el-domingo-300x200.jpg\" alt=\"\" width=\"300\" height=\"200\" srcset=\"https:\/\/www.ecuadoraldia.com.ec\/wp-content\/uploads\/2017\/06\/carlos-polit-a-juicio-el-domingo-300x200.jpg 300w, https:\/\/www.ecuadoraldia.com.ec\/wp-content\/uploads\/2017\/06\/carlos-polit-a-juicio-el-domingo-768x512.jpg 768w, https:\/\/www.ecuadoraldia.com.ec\/wp-content\/uploads\/2017\/06\/carlos-polit-a-juicio-el-domingo.jpg 1024w\" sizes=\"(max-width: 300px) 100vw, 300px\" \/><\/a>La madrugada de este mi\u00e9rcoles 28 de junio, la Comisi\u00f3n de Fiscalizaci\u00f3n recomend\u00f3 el juicio pol\u00edtico contra el ex contralor del estado Carlos Polit, por supuesto delito de \u00abCONCUSI\u00d3N\u00bb e incumplimiento de funciones.<\/p>\n<p>Esta madrugada, el presidente de la Asamblea Nacional, Jos\u00e9 Serrano, difundi\u00f3 el informe aprobado por unanimidad por la Comisi\u00f3n de Fiscalizaci\u00f3n, que recomend\u00f3 el juicio pol\u00edtico al excontralor Carlos P\u00f3lit.<\/p>\n<p>Serrano permaneci\u00f3 en su despacho del Parlamento hasta la madrugada de este mi\u00e9rcoles para recibir el informe a las 02:20, de parte de Mar\u00eda Jos\u00e9 Carri\u00f3n (AP), en el que se destaca que P\u00f3lit debe ser enjuiciado por falta de probidad y por haber perdido la confianza.<\/p>\n<p>En el documento que se vot\u00f3, y que apoyaron los doce miembros de la comisi\u00f3n, se describe que con las pruebas presentadas por el interpelante Daniel Mendoza (AP) se evidencia \u00abun ejercicio anti\u00e9tico, deshonesto y antiprofesional del poder p\u00fablico, en franca afrenta a la dignidad popular, demostrando total falta de probidad, falta de valores, falta de principios y falta de profesionalismo, por lo que se recomienda al pleno de la Asamblea Nacional iniciar el juicio pol\u00edtico contra Carlos P\u00f3lit, excontralor General del Estado\u00bb.<\/p>\n<p>El procesamiento de las pruebas de cargo y de descargo se realiz\u00f3 en una marat\u00f3nica sesi\u00f3n que inici\u00f3 a las 14:24 del martes y que concluy\u00f3 esta madrugada a las 02:20, donde al t\u00e9rmino de la votaci\u00f3n apareci\u00f3 Jos\u00e9 Serrano, para anunciar que de manera inmediata difundir\u00e1 el informe entre este mi\u00e9rcoles y ma\u00f1ana jueves, y que el s\u00e1bado convocar\u00e1 a la sesi\u00f3n del pleno para que conozca el documento de la Comisi\u00f3n de Fiscalizaci\u00f3n y se procese el juicio pol\u00edtico contra el excontralor.<\/p>\n<p>Durante la etapa de sustanciaci\u00f3n, los asamble\u00edstas aprobaron una moci\u00f3n planteada por la asamble\u00edsta Sof\u00eda Esp\u00edn, para que en esa misma sesi\u00f3n se elabore el informe respectivo y no se espere los cinco d\u00edas posteriores a la etapa de prueba que determina la Ley Org\u00e1nica de la Funci\u00f3n Legislativa en su art\u00edculo 82. La moci\u00f3n la aprobaron once de doce presentes.<br \/>\n<a href=\"http:\/\/www.ecuadoraldia.com.ec\/wp-content\/uploads\/2017\/06\/carrion-a-serrano.jpg\"><img loading=\"lazy\" decoding=\"async\" class=\"alignleft size-medium wp-image-15182\" src=\"http:\/\/www.ecuadoraldia.com.ec\/wp-content\/uploads\/2017\/06\/carrion-a-serrano-300x225.jpg\" alt=\"\" width=\"300\" height=\"225\" srcset=\"https:\/\/www.ecuadoraldia.com.ec\/wp-content\/uploads\/2017\/06\/carrion-a-serrano-300x225.jpg 300w, https:\/\/www.ecuadoraldia.com.ec\/wp-content\/uploads\/2017\/06\/carrion-a-serrano.jpg 600w\" sizes=\"(max-width: 300px) 100vw, 300px\" \/><\/a>La presidenta de la Comisi\u00f3n, Mar\u00eda Jos\u00e9 Carri\u00f3n, afirm\u00f3 que la Ley no le faculta al excontralor para pedir que la comisi\u00f3n pida pruebas, lo que determina la Ley es que el acusado presente las pruebas que descarguen todas aquellas inculpaciones formuladas por el asamble\u00edsta Mendoza.<\/p>\n<p>Entre las diligencias solicitada por el renunciante Carlos P\u00f3lit constan que se agregue al proceso los informes efectuados a las contrataciones del Estado ecuatoriano con la empresa Odebrecht, y que se solicite a la Contralor\u00eda del Estado el detalle de los nombres, el tipo de responsabilidades determinadas y sus montos, producto de dichos informes.<\/p>\n<p>Pedido a Procuradur\u00eda<\/p>\n<p>Que se convoque a comparecer al procurador del Estado, Diego Garc\u00eda, para que explique por qu\u00e9 en su calidad de Procurador autoriz\u00f3 la suscripci\u00f3n de un convenio de transici\u00f3n y un acta de liquidaci\u00f3n entre la empresa Hidropastaza y la constructora Odebrecht, y de qu\u00e9 forma este convenio garantizaba la protecci\u00f3n de los intereses del Ecuador.<\/p>\n<p>En el documento que present\u00f3 P\u00f3l\u00edt, solicit\u00f3 el archivo del enjuiciamiento pol\u00edtico por contener errores procesales y la falta de pruebas en el cumplimiento de sus funciones, seg\u00fan su abogado defensor, Jorge Acosta(I)<\/p>\n","protected":false},"excerpt":{"rendered":"<p>La madrugada de este mi\u00e9rcoles 28 de junio, la Comisi\u00f3n de Fiscalizaci\u00f3n recomend\u00f3 el juicio pol\u00edtico contra el ex contralor<\/p>\n","protected":false},"author":1,"featured_media":15181,"comment_status":"closed","ping_status":"closed","sticky":false,"template":"","format":"standard","meta":{"footnotes":""},"categories":[1],"tags":[],"_links":{"self":[{"href":"https:\/\/www.ecuadoraldia.com.ec\/index.php?rest_route=\/wp\/v2\/posts\/15180"}],"collection":[{"href":"https:\/\/www.ecuadoraldia.com.ec\/index.php?rest_route=\/wp\/v2\/posts"}],"about":[{"href":"https:\/\/www.ecuadoraldia.com.ec\/index.php?rest_route=\/wp\/v2\/types\/post"}],"author":[{"embeddable":true,"href":"https:\/\/www.ecuadoraldia.com.ec\/index.php?rest_route=\/wp\/v2\/users\/1"}],"replies":[{"embeddable":true,"href":"https:\/\/www.ecuadoraldia.com.ec\/index.php?rest_route=%2Fwp%2Fv2%2Fcomments&post=15180"}],"version-history":[{"count":1,"href":"https:\/\/www.ecuadoraldia.com.ec\/index.php?rest_route=\/wp\/v2\/posts\/15180\/revisions"}],"predecessor-version":[{"id":15183,"href":"https:\/\/www.ecuadoraldia.com.ec\/index.php?rest_route=\/wp\/v2\/posts\/15180\/revisions\/15183"}],"wp:featuredmedia":[{"embeddable":true,"href":"https:\/\/www.ecuadoraldia.com.ec\/index.php?rest_route=\/wp\/v2\/media\/15181"}],"wp:attachment":[{"href":"https:\/\/www.ecuadoraldia.com.ec\/index.php?rest_route=%2Fwp%2Fv2%2Fmedia&parent=15180"}],"wp:term":[{"taxonomy":"category","embeddable":true,"href":"https:\/\/www.ecuadoraldia.com.ec\/index.php?rest_route=%2Fwp%2Fv2%2Fcategories&post=15180"},{"taxonomy":"post_tag","embeddable":true,"href":"https:\/\/www.ecuadoraldia.com.ec\/index.php?rest_route=%2Fwp%2Fv2%2Ftags&post=15180"}],"curies":[{"name":"wp","href":"https:\/\/api.w.org\/{rel}","templated":true}]}}