{"id":152,"date":"2013-04-23T19:36:25","date_gmt":"2013-04-23T19:36:25","guid":{"rendered":"http:\/\/www.ecuadoraldia.com.ec\/?p=152"},"modified":"2013-04-23T19:36:25","modified_gmt":"2013-04-23T19:36:25","slug":"corderominimiza-criticas-al-trabajo-de-la-asamblea","status":"publish","type":"post","link":"https:\/\/www.ecuadoraldia.com.ec\/?p=152","title":{"rendered":"Cordero:Minimiza cr\u00edticas al trabajo de la Asamblea"},"content":{"rendered":"<p><a href=\"http:\/\/www.ecuadoraldia.com.ec\/wp-content\/uploads\/2013\/04\/corcho.jpg\"><img loading=\"lazy\" decoding=\"async\" class=\"alignleft size-medium wp-image-153\" alt=\"corcho\" src=\"http:\/\/www.ecuadoraldia.com.ec\/wp-content\/uploads\/2013\/04\/corcho-300x200.jpg\" width=\"300\" height=\"200\" srcset=\"https:\/\/www.ecuadoraldia.com.ec\/wp-content\/uploads\/2013\/04\/corcho-300x200.jpg 300w, https:\/\/www.ecuadoraldia.com.ec\/wp-content\/uploads\/2013\/04\/corcho.jpg 450w\" sizes=\"(max-width: 300px) 100vw, 300px\" \/><\/a>Quito, 23 abr (Andes).- El presidente de la Asamblea Nacional, Fernando Cordero, consider\u00f3 como \u201cdiscutible que haya un asamble\u00edsta que crea que no ha hecho nada\u201d, en torno al proceso legal por injurias que inici\u00f3 el presidente de Ecuador, Rafael Correa, en contra del legislador Cl\u00e9ber Jim\u00e9nez.<\/p>\n<p>Jim\u00e9nez, junto a Fernando Villavicencio y Carlos Figueroa, fueron encontrados culpables del delito de injurias contra el presidente de la rep\u00fablica. Los pol\u00edticos acusaron al mandatario de genocidio por haber supuestamente ordenado disparar contra ciudadanos el 30 de septiembre de 2010.<\/p>\n<p>En entrevista con Ecuavisa, el titular de la Asamblea recalc\u00f3 que \u201ces el colmo que una persona que hace las leyes no conozca las leyes, es casi vergonzoso\u201d, al referirse a la inmunidad parlamentaria con la que cuenta Jim\u00e9nez.<\/p>\n<p>Consultado sobre la forma en la que el jefe de Estado se refiere cada s\u00e1bado en el Enlace Ciudadano, Fernando Cordero, record\u00f3 que \u201clos llamados del presidente no llegan a injurias, ni ofensas. Adem\u00e1s el primer mandatario m\u00e1s de una vez ha pedido disculpas, es una persona que sabe que no puede manchar la honra de nadie y no lo hace\u201d.<\/p>\n<p>Cordero ratific\u00f3 su compromiso de trabajar por un mejor pa\u00eds. \u201cLuchar\u00e9 hasta el \u00faltimo d\u00eda de mi vida por un nuevo pa\u00eds, sin darle tregua a la corrupci\u00f3n y sin amilanarnos ante la cr\u00edtica, s\u00e9 que falta mucho para ese nuevo pa\u00eds, pero seguiremos trabajando para que nuestros hijos vivan en un nuevo pa\u00eds\u201d.<\/p>\n<p>(Andes y Ecuadoraldia)<\/p>\n","protected":false},"excerpt":{"rendered":"<p>Quito, 23 abr (Andes).- El presidente de la Asamblea Nacional, Fernando Cordero, consider\u00f3 como \u201cdiscutible que haya un asamble\u00edsta que<\/p>\n","protected":false},"author":1,"featured_media":0,"comment_status":"open","ping_status":"open","sticky":false,"template":"","format":"standard","meta":{"footnotes":""},"categories":[1],"tags":[],"_links":{"self":[{"href":"https:\/\/www.ecuadoraldia.com.ec\/index.php?rest_route=\/wp\/v2\/posts\/152"}],"collection":[{"href":"https:\/\/www.ecuadoraldia.com.ec\/index.php?rest_route=\/wp\/v2\/posts"}],"about":[{"href":"https:\/\/www.ecuadoraldia.com.ec\/index.php?rest_route=\/wp\/v2\/types\/post"}],"author":[{"embeddable":true,"href":"https:\/\/www.ecuadoraldia.com.ec\/index.php?rest_route=\/wp\/v2\/users\/1"}],"replies":[{"embeddable":true,"href":"https:\/\/www.ecuadoraldia.com.ec\/index.php?rest_route=%2Fwp%2Fv2%2Fcomments&post=152"}],"version-history":[{"count":2,"href":"https:\/\/www.ecuadoraldia.com.ec\/index.php?rest_route=\/wp\/v2\/posts\/152\/revisions"}],"predecessor-version":[{"id":155,"href":"https:\/\/www.ecuadoraldia.com.ec\/index.php?rest_route=\/wp\/v2\/posts\/152\/revisions\/155"}],"wp:attachment":[{"href":"https:\/\/www.ecuadoraldia.com.ec\/index.php?rest_route=%2Fwp%2Fv2%2Fmedia&parent=152"}],"wp:term":[{"taxonomy":"category","embeddable":true,"href":"https:\/\/www.ecuadoraldia.com.ec\/index.php?rest_route=%2Fwp%2Fv2%2Fcategories&post=152"},{"taxonomy":"post_tag","embeddable":true,"href":"https:\/\/www.ecuadoraldia.com.ec\/index.php?rest_route=%2Fwp%2Fv2%2Ftags&post=152"}],"curies":[{"name":"wp","href":"https:\/\/api.w.org\/{rel}","templated":true}]}}