{"id":1522,"date":"2014-03-07T17:43:56","date_gmt":"2014-03-07T17:43:56","guid":{"rendered":"http:\/\/www.ecuadoraldia.com.ec\/?p=1522"},"modified":"2014-03-07T17:43:56","modified_gmt":"2014-03-07T17:43:56","slug":"paola-carvajal-sera-la-nueva-ministra-de-transporte","status":"publish","type":"post","link":"https:\/\/www.ecuadoraldia.com.ec\/?p=1522","title":{"rendered":"Paola Carvajal ser\u00e1 la nueva ministra de Transporte"},"content":{"rendered":"<p><a href=\"http:\/\/www.ecuadoraldia.com.ec\/wp-content\/uploads\/2014\/03\/paola-carvajal.jpg\"><img loading=\"lazy\" decoding=\"async\" src=\"http:\/\/www.ecuadoraldia.com.ec\/wp-content\/uploads\/2014\/03\/paola-carvajal-300x201.jpg\" alt=\"paola carvajal\" width=\"300\" height=\"201\" class=\"alignleft size-medium wp-image-1523\" srcset=\"https:\/\/www.ecuadoraldia.com.ec\/wp-content\/uploads\/2014\/03\/paola-carvajal-300x201.jpg 300w, https:\/\/www.ecuadoraldia.com.ec\/wp-content\/uploads\/2014\/03\/paola-carvajal.jpg 580w\" sizes=\"(max-width: 300px) 100vw, 300px\" \/><\/a>El presidente Rafael Correa adelant\u00f3 hoy otro de los cambios que har\u00e1 en el gabinete. En una entrevista con medios de comunicaci\u00f3n en Tungurahua, el mandatario se\u00f1al\u00f3 que Paola Carvajal, actual directora de la Agencia Nacional de Tr\u00e1nsito (ANT), ser\u00e1 la nueva ministra de Transporte y Obras P\u00fablicas.<\/p>\n<p>Carvajal reemplazar\u00e1 en el cargo a Mar\u00eda de Los \u00c1ngeles Duarte, quien-record\u00f3 Correa- ya hab\u00eda presentado su renuncia desde noviembre por factores estrictamente personales. No especific\u00f3 a que cargo ir\u00eda Duarte.<\/p>\n<p>El Jefe de Estado tambi\u00e9n reiter\u00f3 que la exgobernadora de Guayas y excandidata a la Alcald\u00eda de Guayaquil, Viviana Bonilla, pasa a la Secretar\u00eda de Gesti\u00f3n Pol\u00edtica, en reemplazo de Betty Tola; mientras que Vinicio Alvarado deja el Ministerio de Turismo y regresa a su antiguo puesto como Secretario de la Administraci\u00f3n P\u00fablica.<\/p>\n<p>El gobernante manifest\u00f3 que la redistribuci\u00f3n del gabinete estaba planificada desde diciembre, pero que se decidi\u00f3 esperar hasta despu\u00e9s de las elecciones para su concreci\u00f3n.<\/p>\n","protected":false},"excerpt":{"rendered":"<p>El presidente Rafael Correa adelant\u00f3 hoy otro de los cambios que har\u00e1 en el gabinete. En una entrevista con medios<\/p>\n","protected":false},"author":1,"featured_media":0,"comment_status":"open","ping_status":"open","sticky":false,"template":"","format":"standard","meta":{"footnotes":""},"categories":[1],"tags":[],"_links":{"self":[{"href":"https:\/\/www.ecuadoraldia.com.ec\/index.php?rest_route=\/wp\/v2\/posts\/1522"}],"collection":[{"href":"https:\/\/www.ecuadoraldia.com.ec\/index.php?rest_route=\/wp\/v2\/posts"}],"about":[{"href":"https:\/\/www.ecuadoraldia.com.ec\/index.php?rest_route=\/wp\/v2\/types\/post"}],"author":[{"embeddable":true,"href":"https:\/\/www.ecuadoraldia.com.ec\/index.php?rest_route=\/wp\/v2\/users\/1"}],"replies":[{"embeddable":true,"href":"https:\/\/www.ecuadoraldia.com.ec\/index.php?rest_route=%2Fwp%2Fv2%2Fcomments&post=1522"}],"version-history":[{"count":1,"href":"https:\/\/www.ecuadoraldia.com.ec\/index.php?rest_route=\/wp\/v2\/posts\/1522\/revisions"}],"predecessor-version":[{"id":1524,"href":"https:\/\/www.ecuadoraldia.com.ec\/index.php?rest_route=\/wp\/v2\/posts\/1522\/revisions\/1524"}],"wp:attachment":[{"href":"https:\/\/www.ecuadoraldia.com.ec\/index.php?rest_route=%2Fwp%2Fv2%2Fmedia&parent=1522"}],"wp:term":[{"taxonomy":"category","embeddable":true,"href":"https:\/\/www.ecuadoraldia.com.ec\/index.php?rest_route=%2Fwp%2Fv2%2Fcategories&post=1522"},{"taxonomy":"post_tag","embeddable":true,"href":"https:\/\/www.ecuadoraldia.com.ec\/index.php?rest_route=%2Fwp%2Fv2%2Ftags&post=1522"}],"curies":[{"name":"wp","href":"https:\/\/api.w.org\/{rel}","templated":true}]}}