{"id":1525,"date":"2014-03-07T17:45:43","date_gmt":"2014-03-07T17:45:43","guid":{"rendered":"http:\/\/www.ecuadoraldia.com.ec\/?p=1525"},"modified":"2014-03-07T17:45:43","modified_gmt":"2014-03-07T17:45:43","slug":"proximo-23-de-marzo-se-realizaran-elecciones-donde-existio-disturbios","status":"publish","type":"post","link":"https:\/\/www.ecuadoraldia.com.ec\/?p=1525","title":{"rendered":"Pr\u00f3ximo 23 de marzo se realizar\u00e1n elecciones donde existi\u00f3 disturbios"},"content":{"rendered":"<p><a href=\"http:\/\/www.ecuadoraldia.com.ec\/wp-content\/uploads\/2014\/03\/VOTO-CNE-ECU.jpg\"><img loading=\"lazy\" decoding=\"async\" src=\"http:\/\/www.ecuadoraldia.com.ec\/wp-content\/uploads\/2014\/03\/VOTO-CNE-ECU.jpg\" alt=\"VOTO CNE ECU\" width=\"295\" height=\"171\" class=\"alignleft size-full wp-image-1526\" \/><\/a>En sesi\u00f3n del pleno del Consejo Nacional Electoral (CNE) realizado esta noche, se aprob\u00f3 realizar nuevas elecciones el pr\u00f3ximo 23 de marzo en lugares donde se suspendi\u00f3 el sufragio por desmanes del pasado 23 de febrero. Las provincias reportadas al organismo electoral con inconvenientes son: Azuay, Imbabura, Napo, Morona Santiago, Guayas, Manab\u00ed, Los R\u00edos, Tungurahua y Santa Elena. Las elecciones ser\u00e1n de 7:00 a 17:00.<\/p>\n<p>Tras conocer los informes jur\u00eddicos con las novedades de cada delegaci\u00f3n provincial, los consejeros resolvieron que en la provincia de Esmeraldas, se realicen los nuevos comicios en dos juntas de la parroquia Santa Rita y en 29 juntas del cant\u00f3n Muisne.<\/p>\n<p>En Tungurahua, se analiz\u00f3 nuevas elecciones en seis juntas receptoras del voto en la parroquia Chiquicha, del cant\u00f3n Pelileo.<\/p>\n<p>En Azuay se decidi\u00f3 que en las parroquias Carmen de Pijil\u00ed y Camilo Ponce Enr\u00edquez se deber\u00e1 elegir las dignidades de prefectos, alcaldes, concejales urbanos y rurales como miembros de juntas parroquiales.<\/p>\n<p>El pleno decidi\u00f3 que en Imbabura, se realice tambi\u00e9n nuevas elecciones de vocales juntas parroquiales, en la Esperanza de Ibarra.<\/p>\n<p>En Morona Santiago en la parroquia San Isidro se realizar\u00e1 la votaci\u00f3n para miembros de juntas parroquiales.<\/p>\n<p>En cuanto a los desmanes ocasionados en jurisdicciones de Manab\u00ed Los R\u00edos y Guayas (en los cantones: Guayaquil, Yaguachi, Lomas de Sargentillo, Naranjal, Pedro Carbo y Playas) est\u00e1 pendiente de que el pleno analice el pr\u00f3ximo lunes 10 la fecha exacta de elecciones, luego de que las juntas electorales pasen un informe sobre el nivel de afectaci\u00f3n existe al momento por los desmanes.<\/p>\n<p>Ma\u00f1ana el CNE se instalar\u00e1 nuevamente en sesi\u00f3n del pleno para establecer detalles de los pr\u00f3ximos comicios pendientes.<\/p>\n","protected":false},"excerpt":{"rendered":"<p>En sesi\u00f3n del pleno del Consejo Nacional Electoral (CNE) realizado esta noche, se aprob\u00f3 realizar nuevas elecciones el pr\u00f3ximo 23<\/p>\n","protected":false},"author":1,"featured_media":0,"comment_status":"open","ping_status":"open","sticky":false,"template":"","format":"standard","meta":{"footnotes":""},"categories":[3],"tags":[],"_links":{"self":[{"href":"https:\/\/www.ecuadoraldia.com.ec\/index.php?rest_route=\/wp\/v2\/posts\/1525"}],"collection":[{"href":"https:\/\/www.ecuadoraldia.com.ec\/index.php?rest_route=\/wp\/v2\/posts"}],"about":[{"href":"https:\/\/www.ecuadoraldia.com.ec\/index.php?rest_route=\/wp\/v2\/types\/post"}],"author":[{"embeddable":true,"href":"https:\/\/www.ecuadoraldia.com.ec\/index.php?rest_route=\/wp\/v2\/users\/1"}],"replies":[{"embeddable":true,"href":"https:\/\/www.ecuadoraldia.com.ec\/index.php?rest_route=%2Fwp%2Fv2%2Fcomments&post=1525"}],"version-history":[{"count":1,"href":"https:\/\/www.ecuadoraldia.com.ec\/index.php?rest_route=\/wp\/v2\/posts\/1525\/revisions"}],"predecessor-version":[{"id":1527,"href":"https:\/\/www.ecuadoraldia.com.ec\/index.php?rest_route=\/wp\/v2\/posts\/1525\/revisions\/1527"}],"wp:attachment":[{"href":"https:\/\/www.ecuadoraldia.com.ec\/index.php?rest_route=%2Fwp%2Fv2%2Fmedia&parent=1525"}],"wp:term":[{"taxonomy":"category","embeddable":true,"href":"https:\/\/www.ecuadoraldia.com.ec\/index.php?rest_route=%2Fwp%2Fv2%2Fcategories&post=1525"},{"taxonomy":"post_tag","embeddable":true,"href":"https:\/\/www.ecuadoraldia.com.ec\/index.php?rest_route=%2Fwp%2Fv2%2Ftags&post=1525"}],"curies":[{"name":"wp","href":"https:\/\/api.w.org\/{rel}","templated":true}]}}