{"id":1528,"date":"2014-03-07T17:47:53","date_gmt":"2014-03-07T17:47:53","guid":{"rendered":"http:\/\/www.ecuadoraldia.com.ec\/?p=1528"},"modified":"2014-03-07T17:48:50","modified_gmt":"2014-03-07T17:48:50","slug":"1528","status":"publish","type":"post","link":"https:\/\/www.ecuadoraldia.com.ec\/?p=1528","title":{"rendered":"Correa confirm\u00f3 dos ministros"},"content":{"rendered":"<p><a href=\"http:\/\/www.ecuadoraldia.com.ec\/wp-content\/uploads\/2014\/03\/Viviana-Bonilla-.jpg\"><img loading=\"lazy\" decoding=\"async\" src=\"http:\/\/www.ecuadoraldia.com.ec\/wp-content\/uploads\/2014\/03\/Viviana-Bonilla-.jpg\" alt=\"Viviana-Bonilla-\" width=\"300\" height=\"204\" class=\"alignleft size-full wp-image-1529\" \/><\/a>El presidente Rafael Correa particip\u00f3 anoche en una entrevista televisada, durante la cual confirm\u00f3 los dos primeros cambios en su gabinete ministerial.<\/p>\n<p>El Primer Mandatario inform\u00f3 que la exgobernadora de Guayas y excandidata a la Alcald\u00eda de Guayaquil, Viviana Bonilla, pasa a la Secretar\u00eda de Gesti\u00f3n Pol\u00edtica, en reemplazo de Betty Tola; mientras que Vinicio Alvarado deja el Ministerio de Turismo y regresa a su antiguo puesto como Secretario de la Administraci\u00f3n P\u00fablica.<\/p>\n<p>Tras resaltar la labor de Alvarado en la promoci\u00f3n tur\u00edstica del pa\u00eds al frente de la cartera de Estado, reconoci\u00f3 que con su salida de la Secretar\u00eda de Administraci\u00f3n P\u00fablica \u201cperdimos toda su experiencia en el cargo, ya que fue nuestro jefe de campa\u00f1a de 2006. Esto fue un factor fundamental para no alcanzar los \u00e9xitos que logramos en 2013\u201d.<\/p>\n<p>Tambi\u00e9n se\u00f1al\u00f3 que se permitir\u00e1 de nuevo que ciertos ministros concedan entrevistas a medios de comunicaci\u00f3n privados \u201cpara que puedan expresar las posiciones del Gobierno, decir la verdad\u201d. Tambi\u00e9n indic\u00f3 que \u201cvamos a minimizar las cadenas nacionales en respuesta a ciertos medios, que en alg\u00fan momento dieron resultado pero todo tiene su dimensi\u00f3n temporal\u201d.<\/p>\n<p>Sobre la situaci\u00f3n de Venezuela, dijo que propuso, previa consulta con el presidente Nicol\u00e1s Maduro, hacer una reuni\u00f3n de Unasur para discutir el tema en la posesi\u00f3n de Michelle Bachelet como gobernante de Chile, el 11 de marzo.<\/p>\n","protected":false},"excerpt":{"rendered":"<p>El presidente Rafael Correa particip\u00f3 anoche en una entrevista televisada, durante la cual confirm\u00f3 los dos primeros cambios en su<\/p>\n","protected":false},"author":1,"featured_media":0,"comment_status":"open","ping_status":"open","sticky":false,"template":"","format":"standard","meta":{"footnotes":""},"categories":[1],"tags":[],"_links":{"self":[{"href":"https:\/\/www.ecuadoraldia.com.ec\/index.php?rest_route=\/wp\/v2\/posts\/1528"}],"collection":[{"href":"https:\/\/www.ecuadoraldia.com.ec\/index.php?rest_route=\/wp\/v2\/posts"}],"about":[{"href":"https:\/\/www.ecuadoraldia.com.ec\/index.php?rest_route=\/wp\/v2\/types\/post"}],"author":[{"embeddable":true,"href":"https:\/\/www.ecuadoraldia.com.ec\/index.php?rest_route=\/wp\/v2\/users\/1"}],"replies":[{"embeddable":true,"href":"https:\/\/www.ecuadoraldia.com.ec\/index.php?rest_route=%2Fwp%2Fv2%2Fcomments&post=1528"}],"version-history":[{"count":2,"href":"https:\/\/www.ecuadoraldia.com.ec\/index.php?rest_route=\/wp\/v2\/posts\/1528\/revisions"}],"predecessor-version":[{"id":1531,"href":"https:\/\/www.ecuadoraldia.com.ec\/index.php?rest_route=\/wp\/v2\/posts\/1528\/revisions\/1531"}],"wp:attachment":[{"href":"https:\/\/www.ecuadoraldia.com.ec\/index.php?rest_route=%2Fwp%2Fv2%2Fmedia&parent=1528"}],"wp:term":[{"taxonomy":"category","embeddable":true,"href":"https:\/\/www.ecuadoraldia.com.ec\/index.php?rest_route=%2Fwp%2Fv2%2Fcategories&post=1528"},{"taxonomy":"post_tag","embeddable":true,"href":"https:\/\/www.ecuadoraldia.com.ec\/index.php?rest_route=%2Fwp%2Fv2%2Ftags&post=1528"}],"curies":[{"name":"wp","href":"https:\/\/api.w.org\/{rel}","templated":true}]}}