{"id":15292,"date":"2017-07-10T12:20:59","date_gmt":"2017-07-10T17:20:59","guid":{"rendered":"http:\/\/www.ecuadoraldia.com.ec\/?p=15292"},"modified":"2017-07-10T12:20:59","modified_gmt":"2017-07-10T17:20:59","slug":"mujeres-con-prioridad-en-nuevo-proceso-de-aspirantes-a-policia","status":"publish","type":"post","link":"https:\/\/www.ecuadoraldia.com.ec\/?p=15292","title":{"rendered":"Mujeres  con prioridad en nuevo proceso de aspirantes a  Polic\u00eda"},"content":{"rendered":"<p><a href=\"http:\/\/www.ecuadoraldia.com.ec\/wp-content\/uploads\/2017\/07\/mujeres-polica-.jpg\"><img loading=\"lazy\" decoding=\"async\" class=\"alignleft size-medium wp-image-15293\" src=\"http:\/\/www.ecuadoraldia.com.ec\/wp-content\/uploads\/2017\/07\/mujeres-polica--300x200.jpg\" alt=\"\" width=\"300\" height=\"200\" srcset=\"https:\/\/www.ecuadoraldia.com.ec\/wp-content\/uploads\/2017\/07\/mujeres-polica--300x200.jpg 300w, https:\/\/www.ecuadoraldia.com.ec\/wp-content\/uploads\/2017\/07\/mujeres-polica--768x511.jpg 768w, https:\/\/www.ecuadoraldia.com.ec\/wp-content\/uploads\/2017\/07\/mujeres-polica-.jpg 976w\" sizes=\"(max-width: 300px) 100vw, 300px\" \/><\/a>La Polic\u00eda Nacional anunci\u00f3 un nuevo proceso de reclutamiento, en el que habr\u00e1 80 cupos, 30 m\u00e1s que antes, para las mujeres. Asimismo, se reservar\u00e1n 200 plazas para las etnias de la Amazon\u00eda, en total, ser\u00e1n 2.500 espacios para j\u00f3venes entre 17 y 24 a\u00f1os. Pr\u00f3ximo 17 de julio arranca la selecci\u00f3n.<\/p>\n<p>El Viceministro de Seguridad Interna, Andr\u00e9s de la Vega, invit\u00f3 a los j\u00f3venes ecuatorianos, de entre 17 y 24 a\u00f1os, a incorporarse a la Polic\u00eda Nacional.<\/p>\n<p>\u201cQue los mejores hombres y mujeres sean parte de este proceso de la Polic\u00eda Nacional\u201d, dijo Andr\u00e9s de la Vega.<\/p>\n<p>Para este proceso, habr\u00e1 un aumento del n\u00famero de mujeres para oficiales. Hoy son 80 cupos antes eran solamente cincuenta. Adem\u00e1s se reservar\u00e1n 200 cupos para etnias de la Amazon\u00eda.<\/p>\n<p>Los mejor puntuados se formar\u00e1n como oficiales en la Escuela Superior Alberto Enr\u00edquez Gallo, mientras que el resto de calificados como \u201captos\u201d ir\u00e1n a las Escuelas de Formaci\u00f3n de Polic\u00edas.<\/p>\n<p>Los interesados en formar parte de la instituci\u00f3n policial deben cumplir con los siguientes requisitos: ser ecuatoriano de nacimiento, no ser menor de 17 a\u00f1os ni mayor de 24 a\u00f1os y 11 meses a la fecha del llamado; poseer t\u00edtulo de bachiller en Ciencias, no haber sido dado de baja de las Fuerzas Armadas, Polic\u00eda Nacional y Comisi\u00f3n de Tr\u00e1nsito del Ecuador; no tener antecedentes penales, ser declarado \u201capto\u201d en los ex\u00e1menes durante el proceso de selecci\u00f3n.<\/p>\n<p>Adem\u00e1s, deben llenar los formularios de admisi\u00f3n en el Sistema de Reclutamiento en L\u00ednea, en caso de ser aceptada su inscripci\u00f3n; y no encontrarse con impedimento para ejercer cargo p\u00fablico.<\/p>\n<p>El registro e inscripci\u00f3n se realizar\u00e1 a trav\u00e9s de la p\u00e1gina web www.mdi.gob.ec\/reclutamiento. En se espacio se deben llenar los siguientes formularios: solicitud de admisi\u00f3n y acta de compromiso; declaraci\u00f3n del historial personal del postulante, declaraci\u00f3n final de acuerdo al formato de la web.<\/p>\n<p>La evaluaci\u00f3n comprende las siguientes fases:<\/p>\n<p>Acad\u00e9mica.- 725 puntos en el Examen ENES-Ser Bachiller (nota habilitante) y no haber aceptado otra carrera dentro del Sistema Educativo Superior. (Rige para proceso unificado).<\/p>\n<p>Tener 550 puntos en el Examen ENES-Ser Bachiller (nota habilitante) y no haber aceptado otra carrera dentro del Sistema Educativo Superior. (Rige para el proceso de la Amazon\u00eda).<\/p>\n<p>Psicol\u00f3gica.- Se eval\u00faa aptitudes de personalidad, de adaptaci\u00f3n, vocaci\u00f3n y de inteligencia.<\/p>\n<p>Evaluaci\u00f3n f\u00edsica.- Consiste en cinco tipos de pruebas para los hombres y cuatro para las mujeres: abdominales, velocidad, barras (excepto mujeres), cooper y nataci\u00f3n. La calificaci\u00f3n m\u00ednimo de 14\/20 para ser considerado apto.<\/p>\n<p>Evaluaci\u00f3n de confianza.- Se desarrollan en el \u00e1mbito toxicol\u00f3gico, psicol\u00f3gico, socioecon\u00f3mico, y poligr\u00e1fico.<\/p>\n<p>Valoraci\u00f3n m\u00e9dica.- El postulante debe estar saludable, por lo cual debe realizarse estudios m\u00e9dicos.<\/p>\n<p>La calificaci\u00f3n en cada de estas evaluaciones deber\u00e1 constar como apto para que el postulante pueda continuar en el proceso.<\/p>\n<p>La p\u00e1gina web del Ministerio del Interior estar\u00e1 disponible a partir del lunes 17 de julio del 2017, con cupos establecidos para todos los participantes.<\/p>\n<p>Calendario para inscripci\u00f3n<\/p>\n<p>Para facilitar la postulaci\u00f3n se estableci\u00f3 un cronograma en funci\u00f3n del \u00faltimo digito de la c\u00e9dula de ciudadan\u00eda:<\/p>\n<p>Lunes 17 de julio, d\u00edgitos terminados en: 1, 2<\/p>\n<p>Martes 18 de julio, d\u00edgitos terminados en: 3, 4<\/p>\n<p>Mi\u00e9rcoles 19 de julio, d\u00edgitos terminados en: 5, 6<\/p>\n<p>Jueves 20 de julio, d\u00edgitos terminados en: 7, 8<\/p>\n<p>Viernes 21 de julio, d\u00edgitos terminados en: 9, 0<\/p>\n<p>Para los interesados que residen en la Amazon\u00eda se estableci\u00f3 el siguiente calendario:<\/p>\n<p>Lunes 17 de julio, d\u00edgitos que inician en: 14, 15<\/p>\n<p>Martes 18 de julio, d\u00edgitos que inician en: 16<\/p>\n<p>Mi\u00e9rcoles 19 de julio, d\u00edgitos que inician en: 19<\/p>\n<p>Jueves 20 de julio, d\u00edgitos que inician en: 21<\/p>\n<p>Viernes 21 de julio, d\u00edgitos que inician en: 22<\/p>\n<p>Fuente: Ministerio del Interior<\/p>\n<p>(PAY-Ecuador)<\/p>\n","protected":false},"excerpt":{"rendered":"<p>La Polic\u00eda Nacional anunci\u00f3 un nuevo proceso de reclutamiento, en el que habr\u00e1 80 cupos, 30 m\u00e1s que antes, para<\/p>\n","protected":false},"author":1,"featured_media":15293,"comment_status":"closed","ping_status":"closed","sticky":false,"template":"","format":"standard","meta":{"footnotes":""},"categories":[20],"tags":[],"_links":{"self":[{"href":"https:\/\/www.ecuadoraldia.com.ec\/index.php?rest_route=\/wp\/v2\/posts\/15292"}],"collection":[{"href":"https:\/\/www.ecuadoraldia.com.ec\/index.php?rest_route=\/wp\/v2\/posts"}],"about":[{"href":"https:\/\/www.ecuadoraldia.com.ec\/index.php?rest_route=\/wp\/v2\/types\/post"}],"author":[{"embeddable":true,"href":"https:\/\/www.ecuadoraldia.com.ec\/index.php?rest_route=\/wp\/v2\/users\/1"}],"replies":[{"embeddable":true,"href":"https:\/\/www.ecuadoraldia.com.ec\/index.php?rest_route=%2Fwp%2Fv2%2Fcomments&post=15292"}],"version-history":[{"count":2,"href":"https:\/\/www.ecuadoraldia.com.ec\/index.php?rest_route=\/wp\/v2\/posts\/15292\/revisions"}],"predecessor-version":[{"id":15295,"href":"https:\/\/www.ecuadoraldia.com.ec\/index.php?rest_route=\/wp\/v2\/posts\/15292\/revisions\/15295"}],"wp:featuredmedia":[{"embeddable":true,"href":"https:\/\/www.ecuadoraldia.com.ec\/index.php?rest_route=\/wp\/v2\/media\/15293"}],"wp:attachment":[{"href":"https:\/\/www.ecuadoraldia.com.ec\/index.php?rest_route=%2Fwp%2Fv2%2Fmedia&parent=15292"}],"wp:term":[{"taxonomy":"category","embeddable":true,"href":"https:\/\/www.ecuadoraldia.com.ec\/index.php?rest_route=%2Fwp%2Fv2%2Fcategories&post=15292"},{"taxonomy":"post_tag","embeddable":true,"href":"https:\/\/www.ecuadoraldia.com.ec\/index.php?rest_route=%2Fwp%2Fv2%2Ftags&post=15292"}],"curies":[{"name":"wp","href":"https:\/\/api.w.org\/{rel}","templated":true}]}}