{"id":15299,"date":"2017-07-11T11:06:43","date_gmt":"2017-07-11T16:06:43","guid":{"rendered":"http:\/\/www.ecuadoraldia.com.ec\/?p=15299"},"modified":"2017-07-11T11:06:43","modified_gmt":"2017-07-11T16:06:43","slug":"tres-dias-para-completar-solicitud-de-juicio-politico-contra-glas","status":"publish","type":"post","link":"https:\/\/www.ecuadoraldia.com.ec\/?p=15299","title":{"rendered":"Tres d\u00edas para completar solicitud de juicio pol\u00edtico contra Glas"},"content":{"rendered":"<p><a href=\"http:\/\/www.ecuadoraldia.com.ec\/wp-content\/uploads\/2017\/07\/cal.jpg\"><img loading=\"lazy\" decoding=\"async\" class=\"alignleft size-medium wp-image-15300\" src=\"http:\/\/www.ecuadoraldia.com.ec\/wp-content\/uploads\/2017\/07\/cal-300x150.jpg\" alt=\"\" width=\"300\" height=\"150\" srcset=\"https:\/\/www.ecuadoraldia.com.ec\/wp-content\/uploads\/2017\/07\/cal-300x150.jpg 300w, https:\/\/www.ecuadoraldia.com.ec\/wp-content\/uploads\/2017\/07\/cal-768x384.jpg 768w, https:\/\/www.ecuadoraldia.com.ec\/wp-content\/uploads\/2017\/07\/cal.jpg 940w\" sizes=\"(max-width: 300px) 100vw, 300px\" \/><\/a>El presidente de la Asamblea Nacional, Jos\u00e9 Serrano, anunci\u00f3 que el Consejo de Administraci\u00f3n Legislativa (CAL) otorg\u00f3 tres d\u00edas m\u00e1s para que se complete la solicitud de juicio pol\u00edtico contra el vicepresidente Jorge Glas.<\/p>\n<p>Serrano inform\u00f3 que en la sesi\u00f3n efectuada por el CAL la tarde de este lunes 10 de julio se resolvi\u00f3 aprobar los tres art\u00edculos de la petici\u00f3n enviada por el asamble\u00edsta Roberto G\u00f3mez, de CREO.<\/p>\n<p>Por mayor\u00eda se decidi\u00f3 que en tres d\u00edas m\u00e1ximo se podr\u00e1 \u201caclarar y completar las pruebas documentales\u201d en referencia al enjuiciamiento pol\u00edtico del Vicepresidente.<\/p>\n<p>Seg\u00fan G\u00f3mez, Glas estar\u00eda supuestamente relacionado con el caso de corrupci\u00f3n Odebrecht, hecho que en caso de ser cierto podr\u00eda concluir con su destituci\u00f3n. Sin embargo, el Vicepresidente ha manifestado en varias ocasiones que es inocente y que exige se investigue todo.<\/p>\n<p>Para el asamble\u00edsta Luis Fernando Torres, un empleado p\u00fablico es considerado responsable no solamente por cometer actos propios, sino que \u201cpuede responder por actos relacionados con funcionarios que controla y vigila\u201d.<\/p>\n<p>Si hasta el jueves 13 de julio no se ha completado la solicitud del juicio pol\u00edtico, La Asamblea Nacional tiene la potestad de no iniciar acciones contra el funcionario de Estado.<\/p>\n","protected":false},"excerpt":{"rendered":"<p>El presidente de la Asamblea Nacional, Jos\u00e9 Serrano, anunci\u00f3 que el Consejo de Administraci\u00f3n Legislativa (CAL) otorg\u00f3 tres d\u00edas m\u00e1s<\/p>\n","protected":false},"author":1,"featured_media":15300,"comment_status":"closed","ping_status":"closed","sticky":false,"template":"","format":"standard","meta":{"footnotes":""},"categories":[3],"tags":[],"_links":{"self":[{"href":"https:\/\/www.ecuadoraldia.com.ec\/index.php?rest_route=\/wp\/v2\/posts\/15299"}],"collection":[{"href":"https:\/\/www.ecuadoraldia.com.ec\/index.php?rest_route=\/wp\/v2\/posts"}],"about":[{"href":"https:\/\/www.ecuadoraldia.com.ec\/index.php?rest_route=\/wp\/v2\/types\/post"}],"author":[{"embeddable":true,"href":"https:\/\/www.ecuadoraldia.com.ec\/index.php?rest_route=\/wp\/v2\/users\/1"}],"replies":[{"embeddable":true,"href":"https:\/\/www.ecuadoraldia.com.ec\/index.php?rest_route=%2Fwp%2Fv2%2Fcomments&post=15299"}],"version-history":[{"count":1,"href":"https:\/\/www.ecuadoraldia.com.ec\/index.php?rest_route=\/wp\/v2\/posts\/15299\/revisions"}],"predecessor-version":[{"id":15301,"href":"https:\/\/www.ecuadoraldia.com.ec\/index.php?rest_route=\/wp\/v2\/posts\/15299\/revisions\/15301"}],"wp:featuredmedia":[{"embeddable":true,"href":"https:\/\/www.ecuadoraldia.com.ec\/index.php?rest_route=\/wp\/v2\/media\/15300"}],"wp:attachment":[{"href":"https:\/\/www.ecuadoraldia.com.ec\/index.php?rest_route=%2Fwp%2Fv2%2Fmedia&parent=15299"}],"wp:term":[{"taxonomy":"category","embeddable":true,"href":"https:\/\/www.ecuadoraldia.com.ec\/index.php?rest_route=%2Fwp%2Fv2%2Fcategories&post=15299"},{"taxonomy":"post_tag","embeddable":true,"href":"https:\/\/www.ecuadoraldia.com.ec\/index.php?rest_route=%2Fwp%2Fv2%2Ftags&post=15299"}],"curies":[{"name":"wp","href":"https:\/\/api.w.org\/{rel}","templated":true}]}}