{"id":15302,"date":"2017-07-14T08:00:11","date_gmt":"2017-07-14T13:00:11","guid":{"rendered":"http:\/\/www.ecuadoraldia.com.ec\/?p=15302"},"modified":"2017-07-14T08:00:11","modified_gmt":"2017-07-14T13:00:11","slug":"medios-privados-destacan-acercamiento-con-moreno","status":"publish","type":"post","link":"https:\/\/www.ecuadoraldia.com.ec\/?p=15302","title":{"rendered":"Medios privados destacan acercamiento con Moreno"},"content":{"rendered":"<p><a href=\"http:\/\/www.ecuadoraldia.com.ec\/wp-content\/uploads\/2017\/07\/35265565115_74973c422f_b.jpg\"><img loading=\"lazy\" decoding=\"async\" class=\"alignleft size-medium wp-image-15303\" src=\"http:\/\/www.ecuadoraldia.com.ec\/wp-content\/uploads\/2017\/07\/35265565115_74973c422f_b-300x174.jpg\" alt=\"\" width=\"300\" height=\"174\" srcset=\"https:\/\/www.ecuadoraldia.com.ec\/wp-content\/uploads\/2017\/07\/35265565115_74973c422f_b-300x174.jpg 300w, https:\/\/www.ecuadoraldia.com.ec\/wp-content\/uploads\/2017\/07\/35265565115_74973c422f_b.jpg 614w\" sizes=\"(max-width: 300px) 100vw, 300px\" \/><\/a>Los directivos y due\u00f1os de los medios de comunicaci\u00f3n privados destacan la apertura de di\u00e1logo del presidente de la Rep\u00fablica, Len\u00edn Moreno, luego de la reuni\u00f3n que tuvieron el pasado mi\u00e9rcoles en el Palacio de Carondelet. All\u00ed el Mandatario les pidi\u00f3 a los directivos que \u201crespiren libertad\u201d y destac\u00f3 el rol de la prensa frente al tema de la transparencia y la lucha contra la corrupci\u00f3n. En la reuni\u00f3n, Moreno les pidi\u00f3 a los medios que sean los primeros en denunciar los actos de corrupci\u00f3n. Les dio la potestad para que se transparente la informaci\u00f3n en las instituciones p\u00fablicas y privadas respecto a estas investigaciones.<\/p>\n<p>Tambi\u00e9n les record\u00f3 a los directivos de la prensa que \u201chabr\u00e1 m\u00e1s di\u00e1logos abiertos\u201d. Uno de los participantes fue el periodista Diego Oquendo, due\u00f1o de Radio Visi\u00f3n, quien felicit\u00f3 la actitud del Presidente. \u201cEs gratificante, luego de 10 a\u00f1os, que un gobernante tenga la apertura y ponga a prueba su vocaci\u00f3n democr\u00e1tica frente a la prensa. \u00c9l ha dicho de entrada que quiere tener una buena relaci\u00f3n con los medios, particularmente con los independientes\u201d, resalt\u00f3 el radiodifusor. Destac\u00f3 que la prensa ecuatoriana no es perfecta, pero que es \u201cmuy profesional\u201d, por ello lament\u00f3 que en los \u00faltimos a\u00f1os la hayan catalogado como corrupta.<\/p>\n<p>Oquendo agreg\u00f3 que ese primer acercamiento es el camino para que la prensa sea libre y pueda discutir con \u201ctotal libertad\u201d los temas coyunturales. \u201cLa actitud del presidente Moreno es rescatable, conocemos de su esp\u00edritu democr\u00e1tico y creemos que sus palabras tendr\u00e1n comprensi\u00f3n en la pr\u00e1ctica y en la realidad\u201d. Al tiempo de calificar a la reuni\u00f3n de foro abierto, dijo: \u201cLos presentes all\u00ed preguntamos lo que ten\u00edamos que preguntar sin ning\u00fan tipo de recelo o reserva. Y all\u00ed encontramos un interlocutor, un Presidente que nos escuche\u201d. Por ejemplo, se tocaron temas como la producci\u00f3n, la situaci\u00f3n econ\u00f3mica del pa\u00eds, lo social y las reformas a la Ley Org\u00e1nica de Comunicaci\u00f3n. \u201cEsa apertura brinda a la prensa ecuatoriana un espacio para actuar con libertad y responsabilidad\u201d.<br \/>\nOquendo tiene expectativas de pr\u00f3ximas reuniones que mantenga la prensa con el Primer Mandatario, ya que es saludable porque -indic\u00f3- se cambia la perspectiva de los a\u00f1os anteriores. Francisco Rocha, director ejecutivo de la Asociaci\u00f3n Ecuatoriana de Editores de Peri\u00f3dicos (Aedep), aunque no estuvo presente, tambi\u00e9n indic\u00f3 ayer que mira con buenos ojos el acercamiento entre el Ejecutivo y la prensa. \u201cEl 24 de mayo el Presidente dijo que sin libertad de expresi\u00f3n no hay democracia. Ahora nos est\u00e1 planteando un proyecto de radicalizaci\u00f3n de la democracia y eso significa que el di\u00e1logo se tiene que ampliar\u201d, indic\u00f3 a este diario. Resalt\u00f3 el pedido que hizo Moreno a los medios respecto a la potestad para que investiguen casos de corrupci\u00f3n. \u201cEse compromiso est\u00e1 intacto con la ciudadan\u00eda, el compromiso es no callar\u201d. Para \u00e9l, la reuni\u00f3n que alberg\u00f3 a directivos de medios tiene un simbolismo: reconocer la lucha que han tenido desde hace 10 a\u00f1os, pero \u201ctambi\u00e9n reconocer las cosas que est\u00e1n pendientes\u201d.<\/p>\n<p>Sin embargo, dijo, este acercamiento debe tener conclusiones. Gonzalo Rosero, director de EXA FM (Radio Democracia), tambi\u00e9n felicit\u00f3 la actitud del Presidente y record\u00f3 que en 10 a\u00f1os fue dif\u00edcil ejercer la pr\u00e1ctica period\u00edstica. \u201cQue respiremos libertad nos dijo\u201d, indic\u00f3 Rosero, quien se pronunci\u00f3 satisfecho por la medida de Moreno, quien exclam\u00f3 \u201cque los funcionarios p\u00fablicos estar\u00e1n prestos a las invitaciones de los medios\u201d. Aclar\u00f3 que en la reuni\u00f3n el Presidente mostr\u00f3 predisposici\u00f3n para mantener \u201cuna relaci\u00f3n cordial\u201d y que \u00e9l estar\u00e1 presto a la cr\u00edtica. Hern\u00e1n Reyes, especialista en comunicaci\u00f3n y catedr\u00e1tico universitario, cree que es un avance para el pa\u00eds que los medios privados asuman el compromiso de no ser actores pol\u00edticos, sino intermediarios, ofreciendo a la ciudadan\u00eda temas de manera plural y de calidad, cumpliendo con los c\u00f3digos deontol\u00f3gicos y profesionales que exige el periodismo.<\/p>\n<p>Reconoci\u00f3 que en los \u00faltimos a\u00f1os ciertos medios del pa\u00eds han sido incapaces de hacer una autocr\u00edtica y admitir sus errores, en cuanto a los derechos estipulados en la Ley de Comunicaci\u00f3n, como la r\u00e9plica y rectificaci\u00f3n. Respecto al pedido del Mandatario para que investiguen actos de corrupci\u00f3n, Reyes fue enf\u00e1tico al se\u00f1alar que en cualquier sociedad los medios no pueden ser fiscales, jueces ni generar una democracia basada en la opini\u00f3n publicada. \u201cEl ejercicio del periodismo implica la b\u00fasqueda de la verdad informativa y si un medio no cumple con eso no puede decir que est\u00e1 luchando contra la corrupci\u00f3n\u201d. (I)<\/p>\n","protected":false},"excerpt":{"rendered":"<p>Los directivos y due\u00f1os de los medios de comunicaci\u00f3n privados destacan la apertura de di\u00e1logo del presidente de la Rep\u00fablica,<\/p>\n","protected":false},"author":1,"featured_media":15303,"comment_status":"closed","ping_status":"closed","sticky":false,"template":"","format":"standard","meta":{"footnotes":""},"categories":[11],"tags":[],"_links":{"self":[{"href":"https:\/\/www.ecuadoraldia.com.ec\/index.php?rest_route=\/wp\/v2\/posts\/15302"}],"collection":[{"href":"https:\/\/www.ecuadoraldia.com.ec\/index.php?rest_route=\/wp\/v2\/posts"}],"about":[{"href":"https:\/\/www.ecuadoraldia.com.ec\/index.php?rest_route=\/wp\/v2\/types\/post"}],"author":[{"embeddable":true,"href":"https:\/\/www.ecuadoraldia.com.ec\/index.php?rest_route=\/wp\/v2\/users\/1"}],"replies":[{"embeddable":true,"href":"https:\/\/www.ecuadoraldia.com.ec\/index.php?rest_route=%2Fwp%2Fv2%2Fcomments&post=15302"}],"version-history":[{"count":1,"href":"https:\/\/www.ecuadoraldia.com.ec\/index.php?rest_route=\/wp\/v2\/posts\/15302\/revisions"}],"predecessor-version":[{"id":15304,"href":"https:\/\/www.ecuadoraldia.com.ec\/index.php?rest_route=\/wp\/v2\/posts\/15302\/revisions\/15304"}],"wp:featuredmedia":[{"embeddable":true,"href":"https:\/\/www.ecuadoraldia.com.ec\/index.php?rest_route=\/wp\/v2\/media\/15303"}],"wp:attachment":[{"href":"https:\/\/www.ecuadoraldia.com.ec\/index.php?rest_route=%2Fwp%2Fv2%2Fmedia&parent=15302"}],"wp:term":[{"taxonomy":"category","embeddable":true,"href":"https:\/\/www.ecuadoraldia.com.ec\/index.php?rest_route=%2Fwp%2Fv2%2Fcategories&post=15302"},{"taxonomy":"post_tag","embeddable":true,"href":"https:\/\/www.ecuadoraldia.com.ec\/index.php?rest_route=%2Fwp%2Fv2%2Ftags&post=15302"}],"curies":[{"name":"wp","href":"https:\/\/api.w.org\/{rel}","templated":true}]}}