{"id":15306,"date":"2017-07-14T15:00:39","date_gmt":"2017-07-14T20:00:39","guid":{"rendered":"http:\/\/www.ecuadoraldia.com.ec\/?p=15306"},"modified":"2017-07-17T14:06:48","modified_gmt":"2017-07-17T19:06:48","slug":"segunda-cumbre-iberoamericana-de-marketing-politico-y-comunicacion-quito-2017","status":"publish","type":"post","link":"https:\/\/www.ecuadoraldia.com.ec\/?p=15306","title":{"rendered":"\u201cII Cumbre Iberoamericana de marketing pol\u00edtico y comunicaci\u00f3n2017 \u201d"},"content":{"rendered":"<p>VIERNES 28 Y SABADO 29 DE JULIO EN QUITO<\/p>\n<p><a href=\"http:\/\/www.ecuadoraldia.com.ec\/wp-content\/uploads\/2017\/07\/conferencia.jpg\"><img loading=\"lazy\" decoding=\"async\" class=\"alignleft size-medium wp-image-15307\" src=\"http:\/\/www.ecuadoraldia.com.ec\/wp-content\/uploads\/2017\/07\/conferencia-300x212.jpg\" alt=\"\" width=\"300\" height=\"212\" srcset=\"https:\/\/www.ecuadoraldia.com.ec\/wp-content\/uploads\/2017\/07\/conferencia-300x212.jpg 300w, https:\/\/www.ecuadoraldia.com.ec\/wp-content\/uploads\/2017\/07\/conferencia-768x542.jpg 768w, https:\/\/www.ecuadoraldia.com.ec\/wp-content\/uploads\/2017\/07\/conferencia-1024x722.jpg 1024w, https:\/\/www.ecuadoraldia.com.ec\/wp-content\/uploads\/2017\/07\/conferencia.jpg 1280w\" sizes=\"(max-width: 300px) 100vw, 300px\" \/><\/a>La Confederaci\u00f3n de Periodistas del Ecuador, La Red Latinoamericana de Consultores Pol\u00edticos, El Comit\u00e9 Ecuatoriano de Derechos Humanos y Sindicales, La Asociaci\u00f3n de Observadores Electorales de Costa Rica, La Coordinadora Andina de Derechos Humanos con el aval acad\u00e9mico de Instituciones de Educaci\u00f3n Superior anuncia la realizaci\u00f3n en Quito de la \u201cSegunda Cumbre Iberoamericana de Marketing Pol\u00edtico, y Comunicaci\u00f3n, evento internacional que reunir\u00e1 a m\u00e1s de 20 expertos acad\u00e9micos y comunicacionales nacionales e internacionales.<\/p>\n<p>Las Organizaciones antes mencionadas consideran que esta Segunda Cumbre se enmarca en el cumplimiento de la Gran Cruzada Nacional de Capacitaci\u00f3n y Actualizaci\u00f3n de conocimientos de Mercadotecnia y Comunicaci\u00f3n Pol\u00edtica esta dirigido a Autoridades Nacionales, Internacionales Locales y Provinciales, Candidatos Presidenciales y Seccionales, Directores de Campa\u00f1as Electorales, Asesores, Consultores, Comunicadores Sociales, Soci\u00f3logos, L\u00edderes Pol\u00edticos, Empresarios, Periodistas, Editorialistas e Intelectuales Generadores de Opini\u00f3n y Ciudadan\u00eda en general. Lograr\u00e1 su objetivo al termino del mismo.<\/p>\n<p>El Licenciado Ren\u00e9 I\u00f1iguez Ramos, Coordinador Acad\u00e9mico de la Confederaci\u00f3n de Periodistas miembro del Comit\u00e9 Organizador del evento internacional, reitera que uno de los objetivos de la Cumbre Iberoamericana es ofrecer en el conclave internacional , un espacio amplio, profesional y de debate fruct\u00edfero sobre estos temas de palpitante inter\u00e9s como son la Mercadotecnia Pol\u00edtica y la Comunicaci\u00f3n Social.<\/p>\n<p>Precis\u00f3 el Coordinador que a la cita ya han confirmado su asistencia los Conferencistas Internacionales Daniel Barredo de Espa\u00f1a; Humberto S\u00e1nchez y Daniel de la Garza de M\u00e9xico: Gustavo Cusot Sandra Dellara y Maximiliano Guti\u00e9rrez de Argentina; Gustavo Falc\u00f3n y David Ascencio de Per\u00fa , Harley Restrepo , Jorge Aguilera y Andr\u00e9s Lizaralde de Colombia, entre otros.<\/p>\n<p>La delegaci\u00f3n ecuatoriana estar\u00e1 representada por los Consultores y profesores Universitarios Santiago Pazmi\u00f1o, In\u00e9s Narv\u00e1ez, Linda Romero, , Mar\u00eda Machado y otros, todos ellos de reconocida trayectoria profesional.<\/p>\n<p>Durante la \u201cSegunda Cumbre Iberoamericana de Marketing y Comunicaci\u00f3n\u201d se desarrollar\u00e1n Conferencias Magistrales con los conferencistas invitados; Mesas tem\u00e1ticas y sus correspondientes ponencias que versar\u00e1n sobre los procesos de formaci\u00f3n de imagen institucional de un Gobierno y su posicionamiento en la comunidad.<\/p>\n<p>Igualmente se abordar\u00e1 sobre la g\u00e9nesis de la elaboraci\u00f3n del mensaje y el discurso pol\u00edtico institucional; Gobernanza, Importancia de la Investigaci\u00f3n en Campa\u00f1as Electorales; Manejo de medios de comunicaci\u00f3n y Cobertura a trav\u00e9s de redes sociales en campa\u00f1as electorales; los Secretos del c\u00f3mo ganar una elecci\u00f3n y el manejo de una comunicaci\u00f3n corporativa. Tambi\u00e9n el tema Neuro marketing pol\u00edtico; los mapas mentales en el poder de la persuasi\u00f3n y las estrategias y generaci\u00f3n de pol\u00edticas p\u00fablicas exitosas.<\/p>\n","protected":false},"excerpt":{"rendered":"<p>VIERNES 28 Y SABADO 29 DE JULIO EN QUITO La Confederaci\u00f3n de Periodistas del Ecuador, La Red Latinoamericana de Consultores<\/p>\n","protected":false},"author":1,"featured_media":15307,"comment_status":"closed","ping_status":"closed","sticky":false,"template":"","format":"standard","meta":{"footnotes":""},"categories":[1],"tags":[],"_links":{"self":[{"href":"https:\/\/www.ecuadoraldia.com.ec\/index.php?rest_route=\/wp\/v2\/posts\/15306"}],"collection":[{"href":"https:\/\/www.ecuadoraldia.com.ec\/index.php?rest_route=\/wp\/v2\/posts"}],"about":[{"href":"https:\/\/www.ecuadoraldia.com.ec\/index.php?rest_route=\/wp\/v2\/types\/post"}],"author":[{"embeddable":true,"href":"https:\/\/www.ecuadoraldia.com.ec\/index.php?rest_route=\/wp\/v2\/users\/1"}],"replies":[{"embeddable":true,"href":"https:\/\/www.ecuadoraldia.com.ec\/index.php?rest_route=%2Fwp%2Fv2%2Fcomments&post=15306"}],"version-history":[{"count":3,"href":"https:\/\/www.ecuadoraldia.com.ec\/index.php?rest_route=\/wp\/v2\/posts\/15306\/revisions"}],"predecessor-version":[{"id":15317,"href":"https:\/\/www.ecuadoraldia.com.ec\/index.php?rest_route=\/wp\/v2\/posts\/15306\/revisions\/15317"}],"wp:featuredmedia":[{"embeddable":true,"href":"https:\/\/www.ecuadoraldia.com.ec\/index.php?rest_route=\/wp\/v2\/media\/15307"}],"wp:attachment":[{"href":"https:\/\/www.ecuadoraldia.com.ec\/index.php?rest_route=%2Fwp%2Fv2%2Fmedia&parent=15306"}],"wp:term":[{"taxonomy":"category","embeddable":true,"href":"https:\/\/www.ecuadoraldia.com.ec\/index.php?rest_route=%2Fwp%2Fv2%2Fcategories&post=15306"},{"taxonomy":"post_tag","embeddable":true,"href":"https:\/\/www.ecuadoraldia.com.ec\/index.php?rest_route=%2Fwp%2Fv2%2Ftags&post=15306"}],"curies":[{"name":"wp","href":"https:\/\/api.w.org\/{rel}","templated":true}]}}