{"id":1532,"date":"2014-03-07T22:12:46","date_gmt":"2014-03-07T22:12:46","guid":{"rendered":"http:\/\/www.ecuadoraldia.com.ec\/?p=1532"},"modified":"2014-03-07T22:12:46","modified_gmt":"2014-03-07T22:12:46","slug":"rafael-correa-y-enrique-pena-nieto-se-reuniran-el-lunes-en-quito","status":"publish","type":"post","link":"https:\/\/www.ecuadoraldia.com.ec\/?p=1532","title":{"rendered":"Rafael Correa y Enrique Pe\u00f1a Nieto se reunir\u00e1n el lunes en Quito"},"content":{"rendered":"<p><a href=\"http:\/\/www.ecuadoraldia.com.ec\/wp-content\/uploads\/2014\/03\/pena-nieto.jpg\"><img loading=\"lazy\" decoding=\"async\" src=\"http:\/\/www.ecuadoraldia.com.ec\/wp-content\/uploads\/2014\/03\/pena-nieto-300x225.jpg\" alt=\"pena-nieto\" width=\"300\" height=\"225\" class=\"alignleft size-medium wp-image-1533\" srcset=\"https:\/\/www.ecuadoraldia.com.ec\/wp-content\/uploads\/2014\/03\/pena-nieto-300x225.jpg 300w, https:\/\/www.ecuadoraldia.com.ec\/wp-content\/uploads\/2014\/03\/pena-nieto-1024x768.jpg 1024w, https:\/\/www.ecuadoraldia.com.ec\/wp-content\/uploads\/2014\/03\/pena-nieto.jpg 2048w\" sizes=\"(max-width: 300px) 100vw, 300px\" \/><\/a>Quito.  La llegada del presidente mexicano, Enrique Pe\u00f1a Nieto, buscar\u00e1 impulsar las relaciones comerciales, educativas y culturales con la naci\u00f3n norteamericana. Esta ser\u00e1 la primera visita oficial que realizar\u00e1 el Mandatario mexicano a nuestro pa\u00eds.<\/p>\n<p>Est\u00e1 previsto que Pe\u00f1a Nieto llegue al pa\u00eds la noche del domingo y al otro d\u00eda mantenga una reuni\u00f3n biliteral con el Presidente de la Rep\u00fablica, Rafael Correa, en el Palacio de Carondelet. Los temas que ser\u00e1n tratados en ese encuentro fueron adelantados por los cancilleres de ambos pa\u00edses.<\/p>\n<p>La semana pasada, el ministro de Relaciones Exteriores, Ricardo Pati\u00f1o, se reuni\u00f3 con su hom\u00f3logo, Jos\u00e9 Antonio Meade. En esa cita se adelant\u00f3 que se pretende profundizar las relaciones binacionales en las \u00e1reas educativas, culturales y de comercio exterior e inversiones.<\/p>\n<p>Adem\u00e1s, en enero los dos mandatarios mantuvieron un di\u00e1logo en Cuba, mientras se realiz\u00f3 la Cumbre de la Comunidad de Estados Latinamericanos y Caribe\u00f1os (Celac).<\/p>\n<p>La Canciller\u00eda mexicana explic\u00f3 que el objetivo de la reuni\u00f3n es la b\u00fasqueda de formas de incrementar la relaci\u00f3n econ\u00f3mica y comercial, con la finalidad de aumentar los flujos de inversi\u00f3n entre ambas naciones, seg\u00fan public\u00f3 la prensa de ese pa\u00eds.<\/p>\n<p>En esas noticias se destac\u00f3 que  en el 2012 el comercio entre los dos pa\u00edses sum\u00f3 986 millones de d\u00f3lares, lo que convirti\u00f3 a Ecuador en el s\u00e9ptimo socio comercial de M\u00e9xico en Sudam\u00e9rica.<\/p>\n<p>Por su parte, Ecuador es el quinto destino de las inversiones mexicanas en Am\u00e9rica Latina y el Caribe, con 5.464 millones de d\u00f3lares acumulados a octubre del a\u00f1o pasado. CIT \/ El Ciudadano<\/p>\n","protected":false},"excerpt":{"rendered":"<p>Quito. La llegada del presidente mexicano, Enrique Pe\u00f1a Nieto, buscar\u00e1 impulsar las relaciones comerciales, educativas y culturales con la naci\u00f3n<\/p>\n","protected":false},"author":1,"featured_media":0,"comment_status":"open","ping_status":"open","sticky":false,"template":"","format":"standard","meta":{"footnotes":""},"categories":[1],"tags":[],"_links":{"self":[{"href":"https:\/\/www.ecuadoraldia.com.ec\/index.php?rest_route=\/wp\/v2\/posts\/1532"}],"collection":[{"href":"https:\/\/www.ecuadoraldia.com.ec\/index.php?rest_route=\/wp\/v2\/posts"}],"about":[{"href":"https:\/\/www.ecuadoraldia.com.ec\/index.php?rest_route=\/wp\/v2\/types\/post"}],"author":[{"embeddable":true,"href":"https:\/\/www.ecuadoraldia.com.ec\/index.php?rest_route=\/wp\/v2\/users\/1"}],"replies":[{"embeddable":true,"href":"https:\/\/www.ecuadoraldia.com.ec\/index.php?rest_route=%2Fwp%2Fv2%2Fcomments&post=1532"}],"version-history":[{"count":1,"href":"https:\/\/www.ecuadoraldia.com.ec\/index.php?rest_route=\/wp\/v2\/posts\/1532\/revisions"}],"predecessor-version":[{"id":1534,"href":"https:\/\/www.ecuadoraldia.com.ec\/index.php?rest_route=\/wp\/v2\/posts\/1532\/revisions\/1534"}],"wp:attachment":[{"href":"https:\/\/www.ecuadoraldia.com.ec\/index.php?rest_route=%2Fwp%2Fv2%2Fmedia&parent=1532"}],"wp:term":[{"taxonomy":"category","embeddable":true,"href":"https:\/\/www.ecuadoraldia.com.ec\/index.php?rest_route=%2Fwp%2Fv2%2Fcategories&post=1532"},{"taxonomy":"post_tag","embeddable":true,"href":"https:\/\/www.ecuadoraldia.com.ec\/index.php?rest_route=%2Fwp%2Fv2%2Ftags&post=1532"}],"curies":[{"name":"wp","href":"https:\/\/api.w.org\/{rel}","templated":true}]}}