{"id":15331,"date":"2017-07-18T16:24:31","date_gmt":"2017-07-18T21:24:31","guid":{"rendered":"http:\/\/www.ecuadoraldia.com.ec\/?p=15331"},"modified":"2017-07-18T16:24:31","modified_gmt":"2017-07-18T21:24:31","slug":"jorge-glas-rindio-su-version-en-la-fiscalia-sobre-caso-caminosca","status":"publish","type":"post","link":"https:\/\/www.ecuadoraldia.com.ec\/?p=15331","title":{"rendered":"Jorge Glas rindi\u00f3 su versi\u00f3n en la Fiscal\u00eda sobre caso Caminosca"},"content":{"rendered":"<p><a href=\"http:\/\/www.ecuadoraldia.com.ec\/wp-content\/uploads\/2017\/07\/glas-hoy.jpg\"><img loading=\"lazy\" decoding=\"async\" class=\"alignleft size-medium wp-image-15332\" src=\"http:\/\/www.ecuadoraldia.com.ec\/wp-content\/uploads\/2017\/07\/glas-hoy-300x169.jpg\" alt=\"\" width=\"300\" height=\"169\" srcset=\"https:\/\/www.ecuadoraldia.com.ec\/wp-content\/uploads\/2017\/07\/glas-hoy-300x169.jpg 300w, https:\/\/www.ecuadoraldia.com.ec\/wp-content\/uploads\/2017\/07\/glas-hoy-768x432.jpg 768w, https:\/\/www.ecuadoraldia.com.ec\/wp-content\/uploads\/2017\/07\/glas-hoy.jpg 800w\" sizes=\"(max-width: 300px) 100vw, 300px\" \/><\/a><\/p>\n<p>El vicepresidente de la Rep\u00fablica, Jorge Glas, acudi\u00f3 a la Fiscal\u00eda a rendir su versi\u00f3n libre y voluntaria sobre las denuncias presentadas en su contra por la asamble\u00edstas de oposici\u00f3n Jeannine Cruz y Ana Galarza (CREO), dentro del caso Caminosca, empresa ecuatoriana involucrada en presuntos sobornos.<\/p>\n<p>Glas afirm\u00f3 que solicitar\u00e1 que se declare a la denuncia como maliciosa y temeraria. Argument\u00f3 que las demandantes presentaron documentaci\u00f3n incompleta, como por ejemplo el laudo arbitral.<\/p>\n<p>Agreg\u00f3 adem\u00e1s que en la copia del laudo presentado por las asamble\u00edstas de oposici\u00f3n no consta la parte en que el Tribunal arbitral internacional afirma que no se presentaron pruebas que pudieran establecer que los funcionarios presuntamente involucrados recibieron o acordaron aceptar pagos corruptos.<\/p>\n<p>El segundo mandatario tambi\u00e9n se refiri\u00f3 al pedido de juicio pol\u00edtico en su contra que ser\u00e1 analizado hoy en la tarde por el Consejo de Administraci\u00f3n Legislativa.<\/p>\n<p>Glas dijo que las pruebas presentadas en su contra \u00abdan l\u00e1stima\u00bb ya que son recortes de prensa y juicios a terceros.<br \/>\nRespecto al caso Caminosca y las pruebas que han presentado para vincularlo a una supuesta red de entrega de coimas para la obtenci\u00f3n de contratos, Glas se\u00f1al\u00f3 que ha existido \u00abenga\u00f1o a la Funci\u00f3n Judicial\u00bb o \u00abfraude procesal\u00bb al presentar en este proceso judicial documentos mutilados, sin la firma de responsabilidad, con la \u00abclara intenci\u00f3n de afectar una campa\u00f1a pol\u00edtica y en este caso la honra de las personas\u00bb.<\/p>\n","protected":false},"excerpt":{"rendered":"<p>El vicepresidente de la Rep\u00fablica, Jorge Glas, acudi\u00f3 a la Fiscal\u00eda a rendir su versi\u00f3n libre y voluntaria sobre las<\/p>\n","protected":false},"author":1,"featured_media":15332,"comment_status":"closed","ping_status":"closed","sticky":false,"template":"","format":"standard","meta":{"footnotes":""},"categories":[5],"tags":[],"_links":{"self":[{"href":"https:\/\/www.ecuadoraldia.com.ec\/index.php?rest_route=\/wp\/v2\/posts\/15331"}],"collection":[{"href":"https:\/\/www.ecuadoraldia.com.ec\/index.php?rest_route=\/wp\/v2\/posts"}],"about":[{"href":"https:\/\/www.ecuadoraldia.com.ec\/index.php?rest_route=\/wp\/v2\/types\/post"}],"author":[{"embeddable":true,"href":"https:\/\/www.ecuadoraldia.com.ec\/index.php?rest_route=\/wp\/v2\/users\/1"}],"replies":[{"embeddable":true,"href":"https:\/\/www.ecuadoraldia.com.ec\/index.php?rest_route=%2Fwp%2Fv2%2Fcomments&post=15331"}],"version-history":[{"count":1,"href":"https:\/\/www.ecuadoraldia.com.ec\/index.php?rest_route=\/wp\/v2\/posts\/15331\/revisions"}],"predecessor-version":[{"id":15333,"href":"https:\/\/www.ecuadoraldia.com.ec\/index.php?rest_route=\/wp\/v2\/posts\/15331\/revisions\/15333"}],"wp:featuredmedia":[{"embeddable":true,"href":"https:\/\/www.ecuadoraldia.com.ec\/index.php?rest_route=\/wp\/v2\/media\/15332"}],"wp:attachment":[{"href":"https:\/\/www.ecuadoraldia.com.ec\/index.php?rest_route=%2Fwp%2Fv2%2Fmedia&parent=15331"}],"wp:term":[{"taxonomy":"category","embeddable":true,"href":"https:\/\/www.ecuadoraldia.com.ec\/index.php?rest_route=%2Fwp%2Fv2%2Fcategories&post=15331"},{"taxonomy":"post_tag","embeddable":true,"href":"https:\/\/www.ecuadoraldia.com.ec\/index.php?rest_route=%2Fwp%2Fv2%2Ftags&post=15331"}],"curies":[{"name":"wp","href":"https:\/\/api.w.org\/{rel}","templated":true}]}}