{"id":15334,"date":"2017-07-19T08:54:31","date_gmt":"2017-07-19T13:54:31","guid":{"rendered":"http:\/\/www.ecuadoraldia.com.ec\/?p=15334"},"modified":"2017-07-19T09:05:00","modified_gmt":"2017-07-19T14:05:00","slug":"juicio-contra-glasen-la-asamblea-se-archiva","status":"publish","type":"post","link":"https:\/\/www.ecuadoraldia.com.ec\/?p=15334","title":{"rendered":"Juicio contra Glasen  se archiva"},"content":{"rendered":"<p><a href=\"http:\/\/www.ecuadoraldia.com.ec\/wp-content\/uploads\/2017\/07\/serranocal.jpg\"><img loading=\"lazy\" decoding=\"async\" class=\"alignleft size-medium wp-image-15335\" src=\"http:\/\/www.ecuadoraldia.com.ec\/wp-content\/uploads\/2017\/07\/serranocal-300x142.jpg\" alt=\"\" width=\"300\" height=\"142\" srcset=\"https:\/\/www.ecuadoraldia.com.ec\/wp-content\/uploads\/2017\/07\/serranocal-300x142.jpg 300w, https:\/\/www.ecuadoraldia.com.ec\/wp-content\/uploads\/2017\/07\/serranocal-768x362.jpg 768w, https:\/\/www.ecuadoraldia.com.ec\/wp-content\/uploads\/2017\/07\/serranocal-1024x483.jpg 1024w, https:\/\/www.ecuadoraldia.com.ec\/wp-content\/uploads\/2017\/07\/serranocal.jpg 1170w\" sizes=\"(max-width: 300px) 100vw, 300px\" \/><\/a>Con 5 votos a favor (de 7), el Consejo de Administraci\u00f3n Legislativa decidi\u00f3 la tarde de este martes archivar la solicitud de juicio pol\u00edtico en contra del vicepresidente Jorge Glas.<\/p>\n<p>El titular de la Asamblea, Jos\u00e9 Serrano, explic\u00f3 que el pedido no cumpli\u00f3 con los requisitos de procedibilidad que manda la Constituci\u00f3n. Los asamble\u00edstas de CREO-SUMA que buscaban la interpelaci\u00f3n a Glas deb\u00edan ce\u00f1irse a las 3 causales del art\u00edculo 129 de la Constituci\u00f3n: por delitos contra la seguridad del Estado; por delitos de concusi\u00f3n, cohecho, peculado o enriquecimiento il\u00edcito; y por delitos de genocidio, tortura, desaparici\u00f3n forzada de personas, secuestro u homicidio por razones pol\u00edticas o de conciencia.<\/p>\n<p>Entre los requisitos constaba, adem\u00e1s, anunciar las pruebas que presentar\u00e1n durante la interpelaci\u00f3n, como se\u00f1ala la Ley Org\u00e1nica de la Funci\u00f3n Legislativa, pero no lo hicieron y solo entregaron recortes de prensa y videos. La oposici\u00f3n pretend\u00eda enjuiciar a Glas por supuesta responsabilidad pol\u00edtica porque lider\u00f3 los sectores estrat\u00e9gicos y all\u00ed se habr\u00edan cometido presuntos actos de corrupci\u00f3n. Sin embargo, no aport\u00f3 pruebas que demostrasen la acci\u00f3n.<\/p>\n<p>Serrano resalt\u00f3 que no pueden violar la Constituci\u00f3n y dar paso a una interpelaci\u00f3n tomando en cuenta \u201cun documento que ha sido adquirido de manera il\u00edcita\u201d, pues el mismo \u201cno existe jur\u00eddicamente\u201d. A\u00f1adi\u00f3 que si se cumple lo que estipula la Constituci\u00f3n, los miembros del CAL estar\u00e1n abiertos al pedido de juicio pol\u00edtico.<\/p>\n<p>&nbsp;<\/p>\n","protected":false},"excerpt":{"rendered":"<p>Con 5 votos a favor (de 7), el Consejo de Administraci\u00f3n Legislativa decidi\u00f3 la tarde de este martes archivar la<\/p>\n","protected":false},"author":1,"featured_media":15335,"comment_status":"closed","ping_status":"closed","sticky":false,"template":"","format":"standard","meta":{"footnotes":""},"categories":[3],"tags":[],"_links":{"self":[{"href":"https:\/\/www.ecuadoraldia.com.ec\/index.php?rest_route=\/wp\/v2\/posts\/15334"}],"collection":[{"href":"https:\/\/www.ecuadoraldia.com.ec\/index.php?rest_route=\/wp\/v2\/posts"}],"about":[{"href":"https:\/\/www.ecuadoraldia.com.ec\/index.php?rest_route=\/wp\/v2\/types\/post"}],"author":[{"embeddable":true,"href":"https:\/\/www.ecuadoraldia.com.ec\/index.php?rest_route=\/wp\/v2\/users\/1"}],"replies":[{"embeddable":true,"href":"https:\/\/www.ecuadoraldia.com.ec\/index.php?rest_route=%2Fwp%2Fv2%2Fcomments&post=15334"}],"version-history":[{"count":2,"href":"https:\/\/www.ecuadoraldia.com.ec\/index.php?rest_route=\/wp\/v2\/posts\/15334\/revisions"}],"predecessor-version":[{"id":15337,"href":"https:\/\/www.ecuadoraldia.com.ec\/index.php?rest_route=\/wp\/v2\/posts\/15334\/revisions\/15337"}],"wp:featuredmedia":[{"embeddable":true,"href":"https:\/\/www.ecuadoraldia.com.ec\/index.php?rest_route=\/wp\/v2\/media\/15335"}],"wp:attachment":[{"href":"https:\/\/www.ecuadoraldia.com.ec\/index.php?rest_route=%2Fwp%2Fv2%2Fmedia&parent=15334"}],"wp:term":[{"taxonomy":"category","embeddable":true,"href":"https:\/\/www.ecuadoraldia.com.ec\/index.php?rest_route=%2Fwp%2Fv2%2Fcategories&post=15334"},{"taxonomy":"post_tag","embeddable":true,"href":"https:\/\/www.ecuadoraldia.com.ec\/index.php?rest_route=%2Fwp%2Fv2%2Ftags&post=15334"}],"curies":[{"name":"wp","href":"https:\/\/api.w.org\/{rel}","templated":true}]}}