{"id":15373,"date":"2017-07-28T16:45:13","date_gmt":"2017-07-28T21:45:13","guid":{"rendered":"http:\/\/www.ecuadoraldia.com.ec\/?p=15373"},"modified":"2017-07-28T16:45:13","modified_gmt":"2017-07-28T21:45:13","slug":"mas-cambios-en-la-casa-blanca","status":"publish","type":"post","link":"https:\/\/www.ecuadoraldia.com.ec\/?p=15373","title":{"rendered":"M\u00e1s cambios en la Casa Blanca"},"content":{"rendered":"<p><a href=\"http:\/\/www.ecuadoraldia.com.ec\/wp-content\/uploads\/2017\/07\/reice.png\"><img loading=\"lazy\" decoding=\"async\" class=\"alignleft size-medium wp-image-15375\" src=\"http:\/\/www.ecuadoraldia.com.ec\/wp-content\/uploads\/2017\/07\/reice-300x218.png\" alt=\"\" width=\"300\" height=\"218\" srcset=\"https:\/\/www.ecuadoraldia.com.ec\/wp-content\/uploads\/2017\/07\/reice-300x218.png 300w, https:\/\/www.ecuadoraldia.com.ec\/wp-content\/uploads\/2017\/07\/reice.png 539w\" sizes=\"(max-width: 300px) 100vw, 300px\" \/><\/a><\/p>\n<p>Priebus, quien se desempe\u00f1\u00f3 durante varios a\u00f1os como presidente del Comit\u00e9 Nacional del partido Republicano, hab\u00eda sido una pieza fundamental en la formaci\u00f3n del gobierno despu\u00e9s de las elecciones, en el comit\u00e9 de transici\u00f3n.<\/p>\n<p>Sin embargo, la llegada de Anthony Scaramucci a la Casa Blanca como nuevo jefe de Comunicaciones sell\u00f3 la suerte de Priebus. De acuerdo con Scaramucci, Priebus bloque\u00f3 durante cinco meses su llegada a la Casa Blanca.<\/p>\n<p>Adem\u00e1s, Scaramucci lleg\u00f3 a la conclusi\u00f3n de que Priebus era el principal responsable por la incontenible secuencia de filtraciones a la prensa de datos internos de la Casa Blanca, incluyendo informaciones comprometedoras.<\/p>\n<p>Esta semana Scaramucci realiz\u00f3 una explosiva llamada telef\u00f3nica a un periodista para presionarlo a que dijera qui\u00e9n le abastec\u00eda de informaciones desde la Casa Blanca, y el contenido de la conversaci\u00f3n se torn\u00f3 p\u00fablico.<\/p>\n<p>En esa conversaci\u00f3n, Scaramucci defini\u00f3 a Priebus como un \u00abesquizofr\u00e9nico paranoide, un paranoico\u00bb, y adelant\u00f3 que sus horas como jefe de Gabinete estaban contadas ya que lo hab\u00edan identificado como el principal responsable por las filtraciones a la prensa.<\/p>\n<p>Las tensiones entre Scaramucci y Priebus hab\u00eda tornado literalmente explosivo el clima en la Casa Blanca en los \u00faltimos d\u00edas.<\/p>\n<p>Con informaci\u00f3n de AFP<\/p>\n","protected":false},"excerpt":{"rendered":"<p>Priebus, quien se desempe\u00f1\u00f3 durante varios a\u00f1os como presidente del Comit\u00e9 Nacional del partido Republicano, hab\u00eda sido una pieza fundamental<\/p>\n","protected":false},"author":1,"featured_media":15375,"comment_status":"closed","ping_status":"closed","sticky":false,"template":"","format":"standard","meta":{"footnotes":""},"categories":[7],"tags":[],"_links":{"self":[{"href":"https:\/\/www.ecuadoraldia.com.ec\/index.php?rest_route=\/wp\/v2\/posts\/15373"}],"collection":[{"href":"https:\/\/www.ecuadoraldia.com.ec\/index.php?rest_route=\/wp\/v2\/posts"}],"about":[{"href":"https:\/\/www.ecuadoraldia.com.ec\/index.php?rest_route=\/wp\/v2\/types\/post"}],"author":[{"embeddable":true,"href":"https:\/\/www.ecuadoraldia.com.ec\/index.php?rest_route=\/wp\/v2\/users\/1"}],"replies":[{"embeddable":true,"href":"https:\/\/www.ecuadoraldia.com.ec\/index.php?rest_route=%2Fwp%2Fv2%2Fcomments&post=15373"}],"version-history":[{"count":1,"href":"https:\/\/www.ecuadoraldia.com.ec\/index.php?rest_route=\/wp\/v2\/posts\/15373\/revisions"}],"predecessor-version":[{"id":15376,"href":"https:\/\/www.ecuadoraldia.com.ec\/index.php?rest_route=\/wp\/v2\/posts\/15373\/revisions\/15376"}],"wp:featuredmedia":[{"embeddable":true,"href":"https:\/\/www.ecuadoraldia.com.ec\/index.php?rest_route=\/wp\/v2\/media\/15375"}],"wp:attachment":[{"href":"https:\/\/www.ecuadoraldia.com.ec\/index.php?rest_route=%2Fwp%2Fv2%2Fmedia&parent=15373"}],"wp:term":[{"taxonomy":"category","embeddable":true,"href":"https:\/\/www.ecuadoraldia.com.ec\/index.php?rest_route=%2Fwp%2Fv2%2Fcategories&post=15373"},{"taxonomy":"post_tag","embeddable":true,"href":"https:\/\/www.ecuadoraldia.com.ec\/index.php?rest_route=%2Fwp%2Fv2%2Ftags&post=15373"}],"curies":[{"name":"wp","href":"https:\/\/api.w.org\/{rel}","templated":true}]}}