{"id":15377,"date":"2017-07-28T17:55:56","date_gmt":"2017-07-28T22:55:56","guid":{"rendered":"http:\/\/www.ecuadoraldia.com.ec\/?p=15377"},"modified":"2017-07-28T17:55:56","modified_gmt":"2017-07-28T22:55:56","slug":"aclaran-situacion-sobre-ingreso-de-extranjeros-al-ecuador","status":"publish","type":"post","link":"https:\/\/www.ecuadoraldia.com.ec\/?p=15377","title":{"rendered":"Aclaran situaci\u00f3n sobre ingreso de extranjeros al Ecuador"},"content":{"rendered":"<p><a href=\"http:\/\/www.ecuadoraldia.com.ec\/wp-content\/uploads\/2017\/07\/venezolanosecuador.jpg\"><img loading=\"lazy\" decoding=\"async\" class=\"alignleft size-medium wp-image-15378\" src=\"http:\/\/www.ecuadoraldia.com.ec\/wp-content\/uploads\/2017\/07\/venezolanosecuador-300x208.jpg\" alt=\"\" width=\"300\" height=\"208\" srcset=\"https:\/\/www.ecuadoraldia.com.ec\/wp-content\/uploads\/2017\/07\/venezolanosecuador-300x208.jpg 300w, https:\/\/www.ecuadoraldia.com.ec\/wp-content\/uploads\/2017\/07\/venezolanosecuador-768x533.jpg 768w, https:\/\/www.ecuadoraldia.com.ec\/wp-content\/uploads\/2017\/07\/venezolanosecuador-1024x711.jpg 1024w, https:\/\/www.ecuadoraldia.com.ec\/wp-content\/uploads\/2017\/07\/venezolanosecuador-392x272.jpg 392w, https:\/\/www.ecuadoraldia.com.ec\/wp-content\/uploads\/2017\/07\/venezolanosecuador-130x90.jpg 130w, https:\/\/www.ecuadoraldia.com.ec\/wp-content\/uploads\/2017\/07\/venezolanosecuador.jpg 1400w\" sizes=\"(max-width: 300px) 100vw, 300px\" \/><\/a><\/p>\n<p>Con relaci\u00f3n a rumores que circulan en redes sociales y distintos medios de comunicaci\u00f3n, sobre 800 ciudadanos venezolanos que habr\u00edan sido excluidos o expulsados del territorio nacional, el Ministerio del Interior, en su calidad de Autoridad de Control Migratorio, informa a la ciudadan\u00eda que:<\/p>\n<p>El procedimiento de control migratorio se encuentra establecido en la Ley Org\u00e1nica de Movilidad Humana, en concordancia con los convenios internacionales suscritos por el Estado ecuatoriano, y, para el caso de ciudadanos venezolanos, est\u00e1 determinado en el Estatuto Migratorio Ecuatoriano-Venezolano, lo que garantiza una migraci\u00f3n segura, ordenada y gratuita.<\/p>\n<p>Esta Cartera de Estado, de conformidad con los preceptos constitucionales y legales, respeta, protege y garantiza los derechos de todas las personas, nacionales y extranjeras. Por tanto, no se ha ejecutado acci\u00f3n alguna, ni se han adoptado medidas restrictivas, discriminatorias o xenof\u00f3bicas en contra de ciudadanos venezolanos o de cualquier otra nacionalidad, al momento de su ingreso al territorio nacional, de manera particular, en el Centro Nacional de Atenci\u00f3n Fronteriza (CENAF), ubicado en la provincia del Carchi.<\/p>\n<p>Es importante mencionar que, con el fin de brindar una atenci\u00f3n \u00e1gil y oportuna, las 24 horas del d\u00eda, durante los 7 d\u00edas de la semana, se ha incrementado el servicio de atenci\u00f3n a usuarios en el CENAF de Rumichaca.<\/p>\n<p>El Ministerio del Interior hace un llamado a los medios de comunicaci\u00f3n y a la ciudadan\u00eda en general, a remitirse a fuentes oficiales y a verificar y contrastar la informaci\u00f3n previo a su difusi\u00f3n.(ministerio del interior)<\/p>\n","protected":false},"excerpt":{"rendered":"<p>Con relaci\u00f3n a rumores que circulan en redes sociales y distintos medios de comunicaci\u00f3n, sobre 800 ciudadanos venezolanos que habr\u00edan<\/p>\n","protected":false},"author":1,"featured_media":15378,"comment_status":"closed","ping_status":"closed","sticky":false,"template":"","format":"standard","meta":{"footnotes":""},"categories":[17],"tags":[],"_links":{"self":[{"href":"https:\/\/www.ecuadoraldia.com.ec\/index.php?rest_route=\/wp\/v2\/posts\/15377"}],"collection":[{"href":"https:\/\/www.ecuadoraldia.com.ec\/index.php?rest_route=\/wp\/v2\/posts"}],"about":[{"href":"https:\/\/www.ecuadoraldia.com.ec\/index.php?rest_route=\/wp\/v2\/types\/post"}],"author":[{"embeddable":true,"href":"https:\/\/www.ecuadoraldia.com.ec\/index.php?rest_route=\/wp\/v2\/users\/1"}],"replies":[{"embeddable":true,"href":"https:\/\/www.ecuadoraldia.com.ec\/index.php?rest_route=%2Fwp%2Fv2%2Fcomments&post=15377"}],"version-history":[{"count":1,"href":"https:\/\/www.ecuadoraldia.com.ec\/index.php?rest_route=\/wp\/v2\/posts\/15377\/revisions"}],"predecessor-version":[{"id":15379,"href":"https:\/\/www.ecuadoraldia.com.ec\/index.php?rest_route=\/wp\/v2\/posts\/15377\/revisions\/15379"}],"wp:featuredmedia":[{"embeddable":true,"href":"https:\/\/www.ecuadoraldia.com.ec\/index.php?rest_route=\/wp\/v2\/media\/15378"}],"wp:attachment":[{"href":"https:\/\/www.ecuadoraldia.com.ec\/index.php?rest_route=%2Fwp%2Fv2%2Fmedia&parent=15377"}],"wp:term":[{"taxonomy":"category","embeddable":true,"href":"https:\/\/www.ecuadoraldia.com.ec\/index.php?rest_route=%2Fwp%2Fv2%2Fcategories&post=15377"},{"taxonomy":"post_tag","embeddable":true,"href":"https:\/\/www.ecuadoraldia.com.ec\/index.php?rest_route=%2Fwp%2Fv2%2Ftags&post=15377"}],"curies":[{"name":"wp","href":"https:\/\/api.w.org\/{rel}","templated":true}]}}