{"id":15381,"date":"2017-07-31T09:12:43","date_gmt":"2017-07-31T14:12:43","guid":{"rendered":"http:\/\/www.ecuadoraldia.com.ec\/?p=15381"},"modified":"2017-07-31T09:13:52","modified_gmt":"2017-07-31T14:13:52","slug":"sugerencias-reparos-a-propuesta-de-moreno","status":"publish","type":"post","link":"https:\/\/www.ecuadoraldia.com.ec\/?p=15381","title":{"rendered":"Sugerencias y  reparos a propuesta de Moreno\u00a0"},"content":{"rendered":"<p><a href=\"http:\/\/www.ecuadoraldia.com.ec\/wp-content\/uploads\/2017\/07\/dolar.jpg\"><img loading=\"lazy\" decoding=\"async\" class=\"alignleft size-medium wp-image-15382\" src=\"http:\/\/www.ecuadoraldia.com.ec\/wp-content\/uploads\/2017\/07\/dolar-300x141.jpg\" alt=\"\" width=\"300\" height=\"141\" srcset=\"https:\/\/www.ecuadoraldia.com.ec\/wp-content\/uploads\/2017\/07\/dolar-300x141.jpg 300w, https:\/\/www.ecuadoraldia.com.ec\/wp-content\/uploads\/2017\/07\/dolar.jpg 640w\" sizes=\"(max-width: 300px) 100vw, 300px\" \/><\/a><\/p>\n<p>Las cinco acciones inmediatas que el presidente Len\u00edn Moreno dispuso transparent\u00f3 cifras y revel\u00f3 la \u201ccr\u00edtica\u201d situaci\u00f3n del pa\u00eds generan expectativas.<\/p>\n<p>Moreno plante\u00f3 dinamizar el sector de la construcci\u00f3n, con un proyecto de facilitaci\u00f3n, y la revisi\u00f3n de la Ley de Plusval\u00eda; enviar un proyecto de ley para repatriar capitales; potenciar el uso del dinero electr\u00f3nico a trav\u00e9s de la banca privada; austeridad y optimizaci\u00f3n de recursos p\u00fablicos; y priorizaci\u00f3n en la inversi\u00f3n estatal.<\/p>\n<p>Enrique Pita, presidente de la Federaci\u00f3n de C\u00e1maras de la Construcci\u00f3n, califica como positiva la declaraci\u00f3n de Moreno, pero que eso no significa que \u201cla actividad constructiva se va a recuperar de forma inmediata, porque para que el sector recupere su dinamismo tiene que pasar un buen tiempo para que los proyectos se desempolven, reestructurarlos&#8230;\u201d.<\/p>\n<p>Alberto Acosta Burneo, editor de An\u00e1lisis Semanal, se\u00f1ala que la revisi\u00f3n o eliminaci\u00f3n de dicha ley ser\u00eda parte de una estrategia del Gobierno para acumular capital pol\u00edtico que legitime las reformas que adoptar\u00e1. \u201cY por eso ha invitado a mesas de di\u00e1logo para bajar tensiones, para conseguir respaldos para toda la sociedad&#8230;\u201d.<\/p>\n<p>Pablo Arosemena, presidente de la C\u00e1mara de Comercio de Guayaquil, anticipa que subir el techo de aranceles \u201cmandar\u00eda otra vez el comercio al piso\u201d.<\/p>\n<p>El impulso del dinero electr\u00f3nico tambi\u00e9n genera preocupaci\u00f3n. Arosemena dice que no se debe insistir en una medida que no ha tenido acogida. \u201cSe requiere de un ABC a la econom\u00eda: abrir nuevos mercados, bajar impuestos y crear confianza&#8230;\u201d.<\/p>\n<p>Para el exvicepresidente Alberto Dahik, el dinero electr\u00f3nico debe ser impulsado por la banca privada y no por el Banco Central del Ecuador.<\/p>\n<p>Fausto Ortiz, exministro de Econom\u00eda, sostiene que las acciones inmediatas de Moreno no tendr\u00e1n repercusi\u00f3n positiva a menos que se comience por reducir el gasto.<\/p>\n","protected":false},"excerpt":{"rendered":"<p>Las cinco acciones inmediatas que el presidente Len\u00edn Moreno dispuso transparent\u00f3 cifras y revel\u00f3 la \u201ccr\u00edtica\u201d situaci\u00f3n del pa\u00eds generan<\/p>\n","protected":false},"author":1,"featured_media":15382,"comment_status":"closed","ping_status":"closed","sticky":false,"template":"","format":"standard","meta":{"footnotes":""},"categories":[9],"tags":[],"_links":{"self":[{"href":"https:\/\/www.ecuadoraldia.com.ec\/index.php?rest_route=\/wp\/v2\/posts\/15381"}],"collection":[{"href":"https:\/\/www.ecuadoraldia.com.ec\/index.php?rest_route=\/wp\/v2\/posts"}],"about":[{"href":"https:\/\/www.ecuadoraldia.com.ec\/index.php?rest_route=\/wp\/v2\/types\/post"}],"author":[{"embeddable":true,"href":"https:\/\/www.ecuadoraldia.com.ec\/index.php?rest_route=\/wp\/v2\/users\/1"}],"replies":[{"embeddable":true,"href":"https:\/\/www.ecuadoraldia.com.ec\/index.php?rest_route=%2Fwp%2Fv2%2Fcomments&post=15381"}],"version-history":[{"count":2,"href":"https:\/\/www.ecuadoraldia.com.ec\/index.php?rest_route=\/wp\/v2\/posts\/15381\/revisions"}],"predecessor-version":[{"id":15384,"href":"https:\/\/www.ecuadoraldia.com.ec\/index.php?rest_route=\/wp\/v2\/posts\/15381\/revisions\/15384"}],"wp:featuredmedia":[{"embeddable":true,"href":"https:\/\/www.ecuadoraldia.com.ec\/index.php?rest_route=\/wp\/v2\/media\/15382"}],"wp:attachment":[{"href":"https:\/\/www.ecuadoraldia.com.ec\/index.php?rest_route=%2Fwp%2Fv2%2Fmedia&parent=15381"}],"wp:term":[{"taxonomy":"category","embeddable":true,"href":"https:\/\/www.ecuadoraldia.com.ec\/index.php?rest_route=%2Fwp%2Fv2%2Fcategories&post=15381"},{"taxonomy":"post_tag","embeddable":true,"href":"https:\/\/www.ecuadoraldia.com.ec\/index.php?rest_route=%2Fwp%2Fv2%2Ftags&post=15381"}],"curies":[{"name":"wp","href":"https:\/\/api.w.org\/{rel}","templated":true}]}}