{"id":15385,"date":"2017-07-31T09:18:18","date_gmt":"2017-07-31T14:18:18","guid":{"rendered":"http:\/\/www.ecuadoraldia.com.ec\/?p=15385"},"modified":"2017-07-31T09:18:18","modified_gmt":"2017-07-31T14:18:18","slug":"la-u-e-condena-violencia-por-constituyente-en-venezuela","status":"publish","type":"post","link":"https:\/\/www.ecuadoraldia.com.ec\/?p=15385","title":{"rendered":"La U.E. condena violencia por constituyente en Venezuela"},"content":{"rendered":"<p><a href=\"http:\/\/www.ecuadoraldia.com.ec\/wp-content\/uploads\/2017\/07\/venezuela.jpg\"><img loading=\"lazy\" decoding=\"async\" class=\"alignleft size-medium wp-image-15386\" src=\"http:\/\/www.ecuadoraldia.com.ec\/wp-content\/uploads\/2017\/07\/venezuela-300x186.jpg\" alt=\"\" width=\"300\" height=\"186\" srcset=\"https:\/\/www.ecuadoraldia.com.ec\/wp-content\/uploads\/2017\/07\/venezuela-300x186.jpg 300w, https:\/\/www.ecuadoraldia.com.ec\/wp-content\/uploads\/2017\/07\/venezuela.jpg 727w\" sizes=\"(max-width: 300px) 100vw, 300px\" \/><\/a><br \/>\nReuters. La Uni\u00f3n Europea conden\u00f3 el lunes el uso excesivo de la fuerza por parte de las tropas estatales en Venezuela y dijo que es improbable que reconozca los resultados de la elecci\u00f3n para formar una asamblea constituyente celebrada el domingo, la cual estuvo marcada por enfrentamientos mortales.<\/p>\n<p>El domingo fue una de las jornadas con m\u00e1s fallecidos desde que comenzaron las masivas protestas a principios de abril en Venezuela, donde los votantes boicotearon ampliamente la elecci\u00f3n impulsada por el impopular presidente Nicol\u00e1s Maduro.<\/p>\n<p>\u00abNo reconoceremos esta elecci\u00f3n\u00bb, dijo el jefe del Parlamento Europeo, Antonio Tajani. \u00abEst\u00e1 muy claro que el r\u00e9gimen actual se aferra al poder. La voluntad del pueblo es cambiar el r\u00e9gimen. Es necesario que haya elecciones ahora\u00bb.<\/p>\n<p>La Comisi\u00f3n Europea, el brazo ejecutivo del bloque, tambi\u00e9n dijo que ten\u00eda \u00abserias dudas\u00bb sobre si reconocer el resultado.<\/p>\n<p>\u00abLa Uni\u00f3n Europea condena el uso excesivo y desproporcionado de la fuerza por parte de las fuerzas de seguridad\u00bb, sostuvo el organismo en un comunicado. Las autoridades venezolanas dijeron que 10 personas murieron en enfrentamientos entre manifestantes contrarios a Maduro y la polic\u00eda.<\/p>\n<p>\u00abVenezuela tiene instituciones leg\u00edtimas y democr\u00e1ticamente elegidas, cuyo papel es trabajar conjuntamente y encontrar una soluci\u00f3n negociada a la actual crisis. Una Asamblea Constituyente, elegida bajo circunstancias dudosas y a menudo violentas, no puede ser parte de la soluci\u00f3n\u00bb, a\u00f1adi\u00f3.<\/p>\n<p>No mencion\u00f3 si la UE estaba considerando la imposici\u00f3n de sanciones sobre Venezuela, como sopesa Estados Unidos. (I)<\/p>\n","protected":false},"excerpt":{"rendered":"<p>Reuters. La Uni\u00f3n Europea conden\u00f3 el lunes el uso excesivo de la fuerza por parte de las tropas estatales en<\/p>\n","protected":false},"author":1,"featured_media":15386,"comment_status":"closed","ping_status":"closed","sticky":false,"template":"","format":"standard","meta":{"footnotes":""},"categories":[7],"tags":[],"_links":{"self":[{"href":"https:\/\/www.ecuadoraldia.com.ec\/index.php?rest_route=\/wp\/v2\/posts\/15385"}],"collection":[{"href":"https:\/\/www.ecuadoraldia.com.ec\/index.php?rest_route=\/wp\/v2\/posts"}],"about":[{"href":"https:\/\/www.ecuadoraldia.com.ec\/index.php?rest_route=\/wp\/v2\/types\/post"}],"author":[{"embeddable":true,"href":"https:\/\/www.ecuadoraldia.com.ec\/index.php?rest_route=\/wp\/v2\/users\/1"}],"replies":[{"embeddable":true,"href":"https:\/\/www.ecuadoraldia.com.ec\/index.php?rest_route=%2Fwp%2Fv2%2Fcomments&post=15385"}],"version-history":[{"count":1,"href":"https:\/\/www.ecuadoraldia.com.ec\/index.php?rest_route=\/wp\/v2\/posts\/15385\/revisions"}],"predecessor-version":[{"id":15387,"href":"https:\/\/www.ecuadoraldia.com.ec\/index.php?rest_route=\/wp\/v2\/posts\/15385\/revisions\/15387"}],"wp:featuredmedia":[{"embeddable":true,"href":"https:\/\/www.ecuadoraldia.com.ec\/index.php?rest_route=\/wp\/v2\/media\/15386"}],"wp:attachment":[{"href":"https:\/\/www.ecuadoraldia.com.ec\/index.php?rest_route=%2Fwp%2Fv2%2Fmedia&parent=15385"}],"wp:term":[{"taxonomy":"category","embeddable":true,"href":"https:\/\/www.ecuadoraldia.com.ec\/index.php?rest_route=%2Fwp%2Fv2%2Fcategories&post=15385"},{"taxonomy":"post_tag","embeddable":true,"href":"https:\/\/www.ecuadoraldia.com.ec\/index.php?rest_route=%2Fwp%2Fv2%2Ftags&post=15385"}],"curies":[{"name":"wp","href":"https:\/\/api.w.org\/{rel}","templated":true}]}}