{"id":15388,"date":"2017-07-31T17:15:03","date_gmt":"2017-07-31T22:15:03","guid":{"rendered":"http:\/\/www.ecuadoraldia.com.ec\/?p=15388"},"modified":"2017-07-31T17:15:14","modified_gmt":"2017-07-31T22:15:14","slug":"concurso-para-renovar-la-corte-nacional-de-justicia","status":"publish","type":"post","link":"https:\/\/www.ecuadoraldia.com.ec\/?p=15388","title":{"rendered":"Concurso para renovar la Corte nacional de Justicia"},"content":{"rendered":"<p><a href=\"http:\/\/www.ecuadoraldia.com.ec\/wp-content\/uploads\/2017\/07\/CNJ.jpg\"><img loading=\"lazy\" decoding=\"async\" class=\"size-medium wp-image-15389\" src=\"http:\/\/www.ecuadoraldia.com.ec\/wp-content\/uploads\/2017\/07\/CNJ-300x144.jpg\" alt=\"\" width=\"300\" height=\"144\" srcset=\"https:\/\/www.ecuadoraldia.com.ec\/wp-content\/uploads\/2017\/07\/CNJ-300x144.jpg 300w, https:\/\/www.ecuadoraldia.com.ec\/wp-content\/uploads\/2017\/07\/CNJ.jpg 566w\" sizes=\"(max-width: 300px) 100vw, 300px\" \/><\/a><\/p>\n<p>Quito El Consejo de la Judicatura \u00a0hizo este lunes la convocatoria para el concurso de renovaci\u00f3n parcial de jueces de la Corte Nacional de Justicia.<\/p>\n<p>Seg\u00fan Gustavo Jalkh, presidente de la CJ, los jueces que ser\u00e1n reemplazados fueron evaluados cuantitativa y cualitativamente por juristas expertos. Se prev\u00e9 que el 15 de diciembre se conozcan los resultados finales. Los postulantes deber\u00e1n presentar los documentos que acrediten sus m\u00e9ritos entre el 4 y el 18 de septiembre. Esta informaci\u00f3n ser\u00e1 valorada sobre 15 puntos.<\/p>\n<p>La fase de oposici\u00f3n, en cambio, ser\u00e1 del 4 de octubre al 12 de noviembre. La prueba te\u00f3rica estar\u00e1 valorada sobre 35 puntos y la pr\u00e1ctica sobre 50. Jalkh se\u00f1al\u00f3 que este concurso es transparente. \u00abLa audiencia p\u00fablica se realizar\u00e1 tras la revisi\u00f3n de las postulaciones y no tendr\u00e1 puntaje\u00bb.<\/p>\n","protected":false},"excerpt":{"rendered":"<p>Quito El Consejo de la Judicatura \u00a0hizo este lunes la convocatoria para el concurso de renovaci\u00f3n parcial de jueces de<\/p>\n","protected":false},"author":1,"featured_media":15389,"comment_status":"closed","ping_status":"closed","sticky":false,"template":"","format":"standard","meta":{"footnotes":""},"categories":[5],"tags":[],"_links":{"self":[{"href":"https:\/\/www.ecuadoraldia.com.ec\/index.php?rest_route=\/wp\/v2\/posts\/15388"}],"collection":[{"href":"https:\/\/www.ecuadoraldia.com.ec\/index.php?rest_route=\/wp\/v2\/posts"}],"about":[{"href":"https:\/\/www.ecuadoraldia.com.ec\/index.php?rest_route=\/wp\/v2\/types\/post"}],"author":[{"embeddable":true,"href":"https:\/\/www.ecuadoraldia.com.ec\/index.php?rest_route=\/wp\/v2\/users\/1"}],"replies":[{"embeddable":true,"href":"https:\/\/www.ecuadoraldia.com.ec\/index.php?rest_route=%2Fwp%2Fv2%2Fcomments&post=15388"}],"version-history":[{"count":2,"href":"https:\/\/www.ecuadoraldia.com.ec\/index.php?rest_route=\/wp\/v2\/posts\/15388\/revisions"}],"predecessor-version":[{"id":15391,"href":"https:\/\/www.ecuadoraldia.com.ec\/index.php?rest_route=\/wp\/v2\/posts\/15388\/revisions\/15391"}],"wp:featuredmedia":[{"embeddable":true,"href":"https:\/\/www.ecuadoraldia.com.ec\/index.php?rest_route=\/wp\/v2\/media\/15389"}],"wp:attachment":[{"href":"https:\/\/www.ecuadoraldia.com.ec\/index.php?rest_route=%2Fwp%2Fv2%2Fmedia&parent=15388"}],"wp:term":[{"taxonomy":"category","embeddable":true,"href":"https:\/\/www.ecuadoraldia.com.ec\/index.php?rest_route=%2Fwp%2Fv2%2Fcategories&post=15388"},{"taxonomy":"post_tag","embeddable":true,"href":"https:\/\/www.ecuadoraldia.com.ec\/index.php?rest_route=%2Fwp%2Fv2%2Ftags&post=15388"}],"curies":[{"name":"wp","href":"https:\/\/api.w.org\/{rel}","templated":true}]}}