{"id":15392,"date":"2017-07-31T17:21:28","date_gmt":"2017-07-31T22:21:28","guid":{"rendered":"http:\/\/www.ecuadoraldia.com.ec\/?p=15392"},"modified":"2017-07-31T17:21:28","modified_gmt":"2017-07-31T22:21:28","slug":"mera-gobierno-anterior-no-encontro-cuentas-de-rivera-en-el-extranjero","status":"publish","type":"post","link":"https:\/\/www.ecuadoraldia.com.ec\/?p=15392","title":{"rendered":"Mera: Gobierno anterior no encontr\u00f3 cuentas de Rivera en el extranjero"},"content":{"rendered":"<p><a href=\"http:\/\/www.ecuadoraldia.com.ec\/wp-content\/uploads\/2017\/07\/mera-2.jpg\"><img loading=\"lazy\" decoding=\"async\" class=\"alignleft size-medium wp-image-15393\" src=\"http:\/\/www.ecuadoraldia.com.ec\/wp-content\/uploads\/2017\/07\/mera-2-300x167.jpg\" alt=\"\" width=\"300\" height=\"167\" srcset=\"https:\/\/www.ecuadoraldia.com.ec\/wp-content\/uploads\/2017\/07\/mera-2-300x167.jpg 300w, https:\/\/www.ecuadoraldia.com.ec\/wp-content\/uploads\/2017\/07\/mera-2.jpg 612w\" sizes=\"(max-width: 300px) 100vw, 300px\" \/><\/a><\/p>\n<p>En las investigaciones realizadas por el Gobierno del presidente Rafael Correa, no se encontr\u00f3 que el se\u00f1or Ricardo R., implicado en la supuesta red de corrupci\u00f3n de Odebrecht, tenga cuentas bancarias en el extranjero. El anuncio lo hizo ayer el exsecretario jur\u00eddico de la presidencia de la Rep\u00fablica, Alexis Mera, al t\u00e9rmino de su comparecencia ante la fiscal Diana Salazar, que investiga una supuesta asociaci\u00f3n il\u00edcita en este caso, en el que est\u00e1n procesadas seis personas.<\/p>\n<p>El exfuncionario, quien precis\u00f3 que en su af\u00e1n de colaborar con la justicia vino desde Guayaquil para rendir su versi\u00f3n libre, voluntaria y sin juramento, dijo que aprovech\u00f3 para revisar el proceso. Tras negar que haya tra\u00eddo documentos, enfatiz\u00f3 en que su presencia ante la fiscal ha sido para \u201cdecir lo que se hizo en la Presidencia de la Rep\u00fablica durante los a\u00f1os en que estuvimos involucrados, lo que se investig\u00f3 y se impidi\u00f3 que se pague\u00bb. Mera, preciso que le ha recordado a la fiscal Salazar, que existen $ 80 millones de cuentas por pagar de Odebrecht que est\u00e1n congeladas por decisi\u00f3n del anterior gobierno, \u201cy que es importante que ese dinero no se pague, porque es parte de las indemnizaciones que deben cobrarse a Odebrecht una vez que este proceso termine\u201d.<\/p>\n<p>Asimismo, lament\u00f3 que existan pa\u00edses que no colaboran adecuadamente en las investigaciones sobre cuentas bancarias en el extranjero, como Suiza por ejemplo, que demora mucho en colaborar, lo cual ahora lo puede decir porque ya no es funcionario p\u00fablico. Luego de aclarar que los manejos de Odebrecht no se hicieron desde la Presidencia de la Rep\u00fablica sino desde las entidades del sector privado, el exsecretario jur\u00eddico, indic\u00f3 que la vinculaci\u00f3n del se\u00f1or Ricardo R. aparentemente es a consecuencia de las investigaciones y delaciones de Brasil que se realizaron a inicios del nuevo gobierno en Ecuador.<\/p>\n<p>\u201cDe hecho hay filmaciones, que le han hecho, reuniones y otro tipo de cosas. No hubo ning\u00fan inter\u00e9s del gobierno del Presidente Correa de proteger a este se\u00f1or; lo que pasa es que no ten\u00edamos las evidencias\u201d, enfatiz\u00f3. Sobre el vicepresidente de la Rep\u00fablica, Jorge Glas, indic\u00f3 que de las indagaciones anteriores tambi\u00e9n se determin\u00f3 que no ten\u00eda cuentas bancarias en el exterior, aunque eso es un tema que lo debe responder el propio Jorge Glas. Consultado sobre las iniciales JG, que aparecer\u00edan en un correo, Mera aclar\u00f3 que ese es otro tema que requiere investigaci\u00f3n y se relaciona al de Caminosca, del cual si tiene conocimiento.<\/p>\n","protected":false},"excerpt":{"rendered":"<p>En las investigaciones realizadas por el Gobierno del presidente Rafael Correa, no se encontr\u00f3 que el se\u00f1or Ricardo R., implicado<\/p>\n","protected":false},"author":1,"featured_media":15393,"comment_status":"closed","ping_status":"closed","sticky":false,"template":"","format":"standard","meta":{"footnotes":""},"categories":[5],"tags":[],"_links":{"self":[{"href":"https:\/\/www.ecuadoraldia.com.ec\/index.php?rest_route=\/wp\/v2\/posts\/15392"}],"collection":[{"href":"https:\/\/www.ecuadoraldia.com.ec\/index.php?rest_route=\/wp\/v2\/posts"}],"about":[{"href":"https:\/\/www.ecuadoraldia.com.ec\/index.php?rest_route=\/wp\/v2\/types\/post"}],"author":[{"embeddable":true,"href":"https:\/\/www.ecuadoraldia.com.ec\/index.php?rest_route=\/wp\/v2\/users\/1"}],"replies":[{"embeddable":true,"href":"https:\/\/www.ecuadoraldia.com.ec\/index.php?rest_route=%2Fwp%2Fv2%2Fcomments&post=15392"}],"version-history":[{"count":1,"href":"https:\/\/www.ecuadoraldia.com.ec\/index.php?rest_route=\/wp\/v2\/posts\/15392\/revisions"}],"predecessor-version":[{"id":15394,"href":"https:\/\/www.ecuadoraldia.com.ec\/index.php?rest_route=\/wp\/v2\/posts\/15392\/revisions\/15394"}],"wp:featuredmedia":[{"embeddable":true,"href":"https:\/\/www.ecuadoraldia.com.ec\/index.php?rest_route=\/wp\/v2\/media\/15393"}],"wp:attachment":[{"href":"https:\/\/www.ecuadoraldia.com.ec\/index.php?rest_route=%2Fwp%2Fv2%2Fmedia&parent=15392"}],"wp:term":[{"taxonomy":"category","embeddable":true,"href":"https:\/\/www.ecuadoraldia.com.ec\/index.php?rest_route=%2Fwp%2Fv2%2Fcategories&post=15392"},{"taxonomy":"post_tag","embeddable":true,"href":"https:\/\/www.ecuadoraldia.com.ec\/index.php?rest_route=%2Fwp%2Fv2%2Ftags&post=15392"}],"curies":[{"name":"wp","href":"https:\/\/api.w.org\/{rel}","templated":true}]}}