{"id":156,"date":"2013-04-23T19:41:55","date_gmt":"2013-04-23T19:41:55","guid":{"rendered":"http:\/\/www.ecuadoraldia.com.ec\/?p=156"},"modified":"2013-04-23T19:41:55","modified_gmt":"2013-04-23T19:41:55","slug":"presidentes-de-haiti-y-ecuador-examinan-relaciones","status":"publish","type":"post","link":"https:\/\/www.ecuadoraldia.com.ec\/?p=156","title":{"rendered":"Presidentes de Hait\u00ed y Ecuador examinan relaciones"},"content":{"rendered":"<p><strong><a href=\"http:\/\/www.ecuadoraldia.com.ec\/wp-content\/uploads\/2013\/04\/correa_martelly.jpg\"><img loading=\"lazy\" decoding=\"async\" class=\"alignleft size-medium wp-image-157\" alt=\"correa_martelly\" src=\"http:\/\/www.ecuadoraldia.com.ec\/wp-content\/uploads\/2013\/04\/correa_martelly-300x199.jpg\" width=\"300\" height=\"199\" srcset=\"https:\/\/www.ecuadoraldia.com.ec\/wp-content\/uploads\/2013\/04\/correa_martelly-300x199.jpg 300w, https:\/\/www.ecuadoraldia.com.ec\/wp-content\/uploads\/2013\/04\/correa_martelly.jpg 550w\" sizes=\"(max-width: 300px) 100vw, 300px\" \/><\/a><\/strong>HAIT\u00cd. Los presidentes de Hait\u00ed, Michel Martelly, y Ecuador, Rafael Correa, examinaron hoy las relaciones diplom\u00e1ticas entre ambos pa\u00edses entes de viajar al departamento haitiano de Artibonite (centro) para visitar los trabajos de infraestructura que llevan a cabo all\u00ed militares ecuatorianos.<\/p>\n<p>Correa est\u00e1 hoy en Hait\u00ed en visita oficial para conocer los avances de la cooperaci\u00f3n militar ecuatoriana en Artibonite, donde miembros de la Misi\u00f3n de Apoyo a la Reconstrucci\u00f3n de Hait\u00ed (Marhec) despliegan sus esfuerzos desde hace varios a\u00f1os, inform\u00f3 la Presidencia de Hait\u00ed.<\/p>\n<p>La colaboraci\u00f3n ecuatoriana se intensific\u00f3 a partir de 2010, cuando Hait\u00ed puso en marcha ambiciosos planes de reconstrucci\u00f3n nacional tras el devastador terremoto que en enero de ese a\u00f1o azot\u00f3 Puerto Pr\u00edncipe y varias ciudades pr\u00f3ximas, donde dej\u00f3 m\u00e1s de 300.000 muertos y 1,5 millones de afectados.<\/p>\n<p>Martelly dio hoy la bienvenida a Correa en su cuenta de Twitter, donde inform\u00f3 tambi\u00e9n de la celebraci\u00f3n de una reuni\u00f3n entre delegaciones de ambos pa\u00edses.<\/p>\n<p>Los dos mandatarios saludaron despu\u00e9s a un grupo de cascos azules de la misi\u00f3n de estabilizaci\u00f3n de Naciones Unidas en el aeropuerto de Puerto Pr\u00edncipe, antes de desplazarse en helic\u00f3ptero a Petit Rivire, en Artibonite, para visitar los proyectos de la cooperaci\u00f3n de Ecuador.<\/p>\n<p>La comitiva ecuatoriana, de la que forma parte la ministra de defensa, Mar\u00eda Fernanda Espinosa, visitar\u00e1 la plaza del Presidente Eloy Alfaro, el Puente sobre el r\u00edo Espa\u00f1ol y la Ruta Ecuador, antes de desplazarse a las escuelas de Secure y Savien, \u00faltimo punto del recorrido.<\/p>\n<p>Correa visit\u00f3 Hait\u00ed en septiembre de 2011 y ya entonces se desplaz\u00f3 a Artibonite para supervisar trabajos efectuados por los ingenieros militares ecuatorianos.<\/p>\n<p>Desde entonces, los sucesivos contingentes del pa\u00eds andino han trabajado en la construcci\u00f3n de v\u00edas y canalizaciones agr\u00edcolas que eran consideradas urgentes para mejorar las expectativas de desarrollo del rico enclave agr\u00edcola del Valle de Artibonite.<\/p>\n<p>La mejora de tramos de carretera, la limpieza de canales de riego y drenaje que permitan disminuir las inundaciones en la \u00e9poca de lluvias intensas y la construcci\u00f3n de obras de arte mayor, como ductos-caj\u00f3n, para facilitar el drenaje de extensas \u00e1reas agr\u00edcolas, son algunos de los trabajos realizados, as\u00ed como acceso a viviendas y escuelas, la reconstrucci\u00f3n e implementaci\u00f3n de escuelas y centros de salud.<\/p>\n<p>El mandatario ecuatoriano abog\u00f3 en aquella visita por una ayuda \u00abeficaz y seria\u00bb a favor de Hait\u00ed y destac\u00f3 que el apoyo del pueblo ecuatoriano a Hait\u00ed se desarrollaba \u00abde manera eficaz y seria\u00bb.<\/p>\n<p>\u00abLas necesidades de Hait\u00ed no son peque\u00f1as\u00bb, dijo en esa ocasi\u00f3n, e insisti\u00f3 en la solidaridad que los pa\u00edses de Am\u00e9rica Latina deben mostrar en favor de la naci\u00f3n insular.<\/p>\n<p>Correa, quien ayer estuvo en Rep\u00fablica Dominicana para inaugurar la feria del libro local, cierra con su visita a Hait\u00ed un viaje que inici\u00f3 la semana pasada en Alemania, donde se reuni\u00f3 con la canciller Angela Merkel.<\/p>\n<p>La ruta continu\u00f3 por Italia, donde se entrevist\u00f3 con el papa Francisco, y por Espa\u00f1a, donde mantuvo encuentros con miles de ecuatorianos en Madrid y en la costera ciudad de Valencia (este). (EFE)<\/p>\n","protected":false},"excerpt":{"rendered":"<p>HAIT\u00cd. Los presidentes de Hait\u00ed, Michel Martelly, y Ecuador, Rafael Correa, examinaron hoy las relaciones diplom\u00e1ticas entre ambos pa\u00edses entes<\/p>\n","protected":false},"author":1,"featured_media":0,"comment_status":"open","ping_status":"open","sticky":false,"template":"","format":"standard","meta":{"footnotes":""},"categories":[1],"tags":[],"_links":{"self":[{"href":"https:\/\/www.ecuadoraldia.com.ec\/index.php?rest_route=\/wp\/v2\/posts\/156"}],"collection":[{"href":"https:\/\/www.ecuadoraldia.com.ec\/index.php?rest_route=\/wp\/v2\/posts"}],"about":[{"href":"https:\/\/www.ecuadoraldia.com.ec\/index.php?rest_route=\/wp\/v2\/types\/post"}],"author":[{"embeddable":true,"href":"https:\/\/www.ecuadoraldia.com.ec\/index.php?rest_route=\/wp\/v2\/users\/1"}],"replies":[{"embeddable":true,"href":"https:\/\/www.ecuadoraldia.com.ec\/index.php?rest_route=%2Fwp%2Fv2%2Fcomments&post=156"}],"version-history":[{"count":2,"href":"https:\/\/www.ecuadoraldia.com.ec\/index.php?rest_route=\/wp\/v2\/posts\/156\/revisions"}],"predecessor-version":[{"id":159,"href":"https:\/\/www.ecuadoraldia.com.ec\/index.php?rest_route=\/wp\/v2\/posts\/156\/revisions\/159"}],"wp:attachment":[{"href":"https:\/\/www.ecuadoraldia.com.ec\/index.php?rest_route=%2Fwp%2Fv2%2Fmedia&parent=156"}],"wp:term":[{"taxonomy":"category","embeddable":true,"href":"https:\/\/www.ecuadoraldia.com.ec\/index.php?rest_route=%2Fwp%2Fv2%2Fcategories&post=156"},{"taxonomy":"post_tag","embeddable":true,"href":"https:\/\/www.ecuadoraldia.com.ec\/index.php?rest_route=%2Fwp%2Fv2%2Ftags&post=156"}],"curies":[{"name":"wp","href":"https:\/\/api.w.org\/{rel}","templated":true}]}}