{"id":15641,"date":"2017-09-14T09:38:10","date_gmt":"2017-09-14T14:38:10","guid":{"rendered":"http:\/\/www.ecuadoraldia.com.ec\/?p=15641"},"modified":"2017-09-14T09:58:39","modified_gmt":"2017-09-14T14:58:39","slug":"pecados-fashionistas-que-no-se-debe-usar-en-una-entrevista-laboral","status":"publish","type":"post","link":"https:\/\/www.ecuadoraldia.com.ec\/?p=15641","title":{"rendered":"Pecados fashionistas: qu\u00e9 no se debe usar en una entrevista laboral"},"content":{"rendered":"<p><a href=\"http:\/\/www.ecuadoraldia.com.ec\/wp-content\/uploads\/2017\/09\/chic.jpeg\"><img loading=\"lazy\" decoding=\"async\" class=\"alignleft size-medium wp-image-15642\" src=\"http:\/\/www.ecuadoraldia.com.ec\/wp-content\/uploads\/2017\/09\/chic-300x167.jpeg\" alt=\"\" width=\"300\" height=\"167\" srcset=\"https:\/\/www.ecuadoraldia.com.ec\/wp-content\/uploads\/2017\/09\/chic-300x167.jpeg 300w, https:\/\/www.ecuadoraldia.com.ec\/wp-content\/uploads\/2017\/09\/chic.jpeg 612w\" sizes=\"(max-width: 300px) 100vw, 300px\" \/><\/a><\/p>\n<p>Infobae Am\u00e9rica. La primera impresi\u00f3n es la m\u00e1s importante. El contacto visual dura aproximadamente 30 segundos; all\u00ed se realiza el primer y breve an\u00e1lisis, aunque no por eso poco importante o hasta definitorio. Durante estos instantes inciales lo m\u00e1s importante no es la investigaci\u00f3n que se realiz\u00f3 acerca de la empresa o tener todos los t\u00edtulos para quedar en el puesto, sino el aspecto m\u00e1s exterior, menos profundo, la vestimenta, la presencia.<\/p>\n<p>Victoria McLean, fundadora del premio al mejor CV en Estados Unidos, pas\u00f3 a\u00f1os trabajando e investigando alrededor del mundo para lograr entender qu\u00e9 es lo busca el empleador al momento de contratar.<\/p>\n<p>\u00abAconsejo a miles de clientes d\u00eda a d\u00eda, y lo que m\u00e1s me consultan es acerca de que se pueden poner o no, en una entrevista laboral\u00bb, dijo Victoria al Daily Mail, \u00ablas primeras impresiones son las que realmente cuentan, solo duran 30 segundos y es muy importante que sea buena\u00bb.<\/p>\n<p><a href=\"http:\/\/www.ecuadoraldia.com.ec\/wp-content\/uploads\/2017\/09\/AAomsR1.jpg\"><img loading=\"lazy\" decoding=\"async\" class=\"alignleft size-medium wp-image-15651\" src=\"http:\/\/www.ecuadoraldia.com.ec\/wp-content\/uploads\/2017\/09\/AAomsR1-300x168.jpg\" alt=\"\" width=\"300\" height=\"168\" srcset=\"https:\/\/www.ecuadoraldia.com.ec\/wp-content\/uploads\/2017\/09\/AAomsR1-300x168.jpg 300w, https:\/\/www.ecuadoraldia.com.ec\/wp-content\/uploads\/2017\/09\/AAomsR1.jpg 624w\" sizes=\"(max-width: 300px) 100vw, 300px\" \/><\/a><\/p>\n<p>El secreto est\u00e1 en respetar tres claves: la ropa debe dar la impresi\u00f3n de estar limpia, ser profesionales y debe estar relacionadas al rubro en cuesti\u00f3n.<\/p>\n<p>Atenerse a la buena calidad, con colores claros y neutrales pero con un poco de vida es ideal para \u00abdejar que la personalidad resalte m\u00e1s que la ropa\u00bb, Victoria adem\u00e1s comparti\u00f3 claves de lo que s\u00ed y lo que no que ayudar\u00e1n a que tengas tu primer trabajo:<\/p>\n<p>Evitar logos de dise\u00f1adores<\/p>\n<p>Tratar de evitar blusas con logos muy obvios, muy cortas, muy apretadas. Tambi\u00e9n es necesario dejar de lado las zapatillas, los jeans, los joggins, los shorts, las camperas de gimnasia. Es muy importante dejar una idea de look pulcro y que no quede duda acerca de la higiene personal de la persona. Sin embargo y a pesar de estar buscando un trabajo en el rubro de la moda, la persona no tiene que esforzarse mucho con el look, ya que ni un vestido de Stella McCartney y un bolso de Hermes har\u00e1 que te contraten si aparenta algo muy forzado.<\/p>\n<p>Qu\u00e9 colores no usar<\/p>\n<p>El color tiene un gran impacto psicol\u00f3gico en las personas y eso se comprueba a trav\u00e9s de varias entrevistas de trabajo realizadas en focus group.<\/p>\n<p>Los estudios demostraron que usar el color marr\u00f3n da la idea que tiene un sentido de la moda antiguo, mientras que el color rojo demuestra que la persona tiene una personalidad muy fuerte lo que genera que el empleador piense que el aspirante no sabe trabajar en grupo. El naranja fue demostrado como el peor color para usar, ya que los managers siente que es poco profesional.<\/p>\n<p><a href=\"http:\/\/www.ecuadoraldia.com.ec\/wp-content\/uploads\/2017\/09\/t2yWy.jpeg\"><img loading=\"lazy\" decoding=\"async\" class=\"alignleft size-medium wp-image-15653\" src=\"http:\/\/www.ecuadoraldia.com.ec\/wp-content\/uploads\/2017\/09\/t2yWy-300x169.jpeg\" alt=\"\" width=\"300\" height=\"169\" srcset=\"https:\/\/www.ecuadoraldia.com.ec\/wp-content\/uploads\/2017\/09\/t2yWy-300x169.jpeg 300w, https:\/\/www.ecuadoraldia.com.ec\/wp-content\/uploads\/2017\/09\/t2yWy.jpeg 600w\" sizes=\"(max-width: 300px) 100vw, 300px\" \/><\/a><\/p>\n<p>La mejor opci\u00f3n seg\u00fan una encuesta realizada por Victoria, es el azul marino, ya que inspira confianza. Sin embargo, el negro tambi\u00e9n da un mensaje de ser una persona amigable. Si la posici\u00f3n de trabajo a la que se aspira es en un \u00e1rea creativa, el violeta tambi\u00e9n es una buena opci\u00f3n ya que sugiere que la persona tiene un aspecto art\u00edstico.<\/p>\n<p>Estampados \u00bfs\u00ed o no?<\/p>\n<p>Al igual que con los colores, las rayas y los estampados pueden estar de moda, pero la persona tampoco quiere dar la impresi\u00f3n que volvi\u00f3 de vacaciones hace poco.<\/p>\n<p>Manicura<\/p>\n<p>Las u\u00f1as siempre deben estar impecables, si la persona las tiene pintadas deben estar hechas prolijas y hay que tratar de evitar cosas muy fuertes, como el fucsia, amarillo, entre otras cosas.<\/p>\n<p>Evitar que se noten los tatuajes<\/p>\n<p>\u00abComo la primera impresi\u00f3n dura tan poco, es recomendable que los tatuajes que son muy visibles, sean tapados, ya que es muy com\u00fan escuchar por los empleadores, que no contrataron a alguien por ellos\u00bb, dijo la especialista.<\/p>\n<p>Una investigaci\u00f3n de la universidad de St Andrews University, sugiere que la mayor\u00eda de los empleadores sienten que los tatuajes son un tab\u00fa y que \u00faltimamente no importa lo que piensen de los tatuajes ya que los clientes no les importa si los tienen o no.<\/p>\n<p>Cabello<\/p>\n<p>Si la persona tiene un pelo muy largo, es necesario siempre tener una colita para nunca tenerlo sobre la cara, ya que el entrevistador le gustar\u00e1 poder ver, las expresiones faciales.<\/p>\n<p>Evitar los tacos<\/p>\n<p>Si la persona no est\u00e1 acostumbrada a caminar con zapatos altos, se recomienda que para el d\u00eda a la entrevista no intente utilizarlos, ya que el empleador tambi\u00e9n se dar\u00e1 cuenta de eso.<\/p>\n","protected":false},"excerpt":{"rendered":"<p>Infobae Am\u00e9rica. La primera impresi\u00f3n es la m\u00e1s importante. El contacto visual dura aproximadamente 30 segundos; all\u00ed se realiza el<\/p>\n","protected":false},"author":1,"featured_media":15642,"comment_status":"closed","ping_status":"closed","sticky":false,"template":"","format":"standard","meta":{"footnotes":""},"categories":[4],"tags":[],"_links":{"self":[{"href":"https:\/\/www.ecuadoraldia.com.ec\/index.php?rest_route=\/wp\/v2\/posts\/15641"}],"collection":[{"href":"https:\/\/www.ecuadoraldia.com.ec\/index.php?rest_route=\/wp\/v2\/posts"}],"about":[{"href":"https:\/\/www.ecuadoraldia.com.ec\/index.php?rest_route=\/wp\/v2\/types\/post"}],"author":[{"embeddable":true,"href":"https:\/\/www.ecuadoraldia.com.ec\/index.php?rest_route=\/wp\/v2\/users\/1"}],"replies":[{"embeddable":true,"href":"https:\/\/www.ecuadoraldia.com.ec\/index.php?rest_route=%2Fwp%2Fv2%2Fcomments&post=15641"}],"version-history":[{"count":3,"href":"https:\/\/www.ecuadoraldia.com.ec\/index.php?rest_route=\/wp\/v2\/posts\/15641\/revisions"}],"predecessor-version":[{"id":15654,"href":"https:\/\/www.ecuadoraldia.com.ec\/index.php?rest_route=\/wp\/v2\/posts\/15641\/revisions\/15654"}],"wp:featuredmedia":[{"embeddable":true,"href":"https:\/\/www.ecuadoraldia.com.ec\/index.php?rest_route=\/wp\/v2\/media\/15642"}],"wp:attachment":[{"href":"https:\/\/www.ecuadoraldia.com.ec\/index.php?rest_route=%2Fwp%2Fv2%2Fmedia&parent=15641"}],"wp:term":[{"taxonomy":"category","embeddable":true,"href":"https:\/\/www.ecuadoraldia.com.ec\/index.php?rest_route=%2Fwp%2Fv2%2Fcategories&post=15641"},{"taxonomy":"post_tag","embeddable":true,"href":"https:\/\/www.ecuadoraldia.com.ec\/index.php?rest_route=%2Fwp%2Fv2%2Ftags&post=15641"}],"curies":[{"name":"wp","href":"https:\/\/api.w.org\/{rel}","templated":true}]}}