{"id":15655,"date":"2017-09-14T10:12:24","date_gmt":"2017-09-14T15:12:24","guid":{"rendered":"http:\/\/www.ecuadoraldia.com.ec\/?p=15655"},"modified":"2017-09-14T10:12:24","modified_gmt":"2017-09-14T15:12:24","slug":"gustavo-jalkh-sera-llamado-a-la-comision-de-justicia","status":"publish","type":"post","link":"https:\/\/www.ecuadoraldia.com.ec\/?p=15655","title":{"rendered":"Gustavo Jalkh ser\u00e1 llamado a la comisi\u00f3n de Justicia"},"content":{"rendered":"<p><a href=\"http:\/\/www.ecuadoraldia.com.ec\/wp-content\/uploads\/2017\/09\/jalkh.jpg\"><img loading=\"lazy\" decoding=\"async\" class=\"alignleft size-medium wp-image-15656\" src=\"http:\/\/www.ecuadoraldia.com.ec\/wp-content\/uploads\/2017\/09\/jalkh-300x176.jpg\" alt=\"\" width=\"300\" height=\"176\" srcset=\"https:\/\/www.ecuadoraldia.com.ec\/wp-content\/uploads\/2017\/09\/jalkh-300x176.jpg 300w, https:\/\/www.ecuadoraldia.com.ec\/wp-content\/uploads\/2017\/09\/jalkh.jpg 766w\" sizes=\"(max-width: 300px) 100vw, 300px\" \/><\/a><\/p>\n<p>El presidente del Consejo de la Judicatura (CJ), Gustavo Jalkh, ser\u00e1 convocado a la Comisi\u00f3n de Justicia para que explique sobre los procesos de sanci\u00f3n de jueces que incurrieron en el \u2018error inexcusable\u2019.<\/p>\n<p>La decisi\u00f3n la tom\u00f3 el Consejo de Administraci\u00f3n Legislativa (CAL), tras el pedido presentado por Luis Fernando Torres (PSC-Cambio). La comparencia est\u00e1 prevista para el pr\u00f3ximo mi\u00e9rcoles.<\/p>\n<p>El C\u00f3digo Org\u00e1nico de la Funci\u00f3n Judicial, en sus art\u00edculos 109 y 131, describe al error inexcusable como una falta grav\u00edsima que es de destituci\u00f3n de los servidores judiciales.<\/p>\n<p>El legislador Patricio Donoso (CREO) coment\u00f3 que la presencia de Jalkh en la Asamblea es para que explique la aplicaci\u00f3n de dicha figura judicial, a trav\u00e9s de la cual muchos jueces fueron destituidos; ellos han denunciado discrecionalidad.<\/p>\n<p>\u201cLos asamble\u00edstas quieren saber qui\u00e9n juzga, c\u00f3mo se lo hace y cu\u00e1l es su operatividad\u201d, a\u00f1adi\u00f3 Donoso.<\/p>\n<p>Su coideario Esteban Bernal, quien tambi\u00e9n es parte de la Comisi\u00f3n de Justicia, ratific\u00f3 ayer su intenci\u00f3n de enjuiciar pol\u00edticamente a Jalhk por su supuesta injerencia en la administraci\u00f3n de justicia.<\/p>\n<p>Como ejemplo relat\u00f3 el caso de una demanda presentada, en septiembre del 2010, en Cuenca, por el ciudadano \u00c9dgar Ugalde contra el Estado a trav\u00e9s del Ministerio del Interior por haber autorizado la salida al exterior de su hija menor de edad, sin el permiso correspondiente. El titular era Jalkh.<\/p>\n<p>Seg\u00fan Bernal, Jalkh remiti\u00f3 informaci\u00f3n interna sobre el caso y fue citado tres veces el 13, 14 y 15 de diciembre de 2010. Jalkh dej\u00f3 de ser ministro del Interior el 17 de diciembre de ese a\u00f1o.<\/p>\n<p>Los jueces sentenciaron en el 2014 a favor de Ugalde y mandaron a pagar $ 270 mil como indemnizaci\u00f3n.<\/p>\n<p>Bernal sostuvo que se present\u00f3 la queja contra los jueces que sentenciaron contra el Estado por error inexcusable; ya en la Judicatura, Jalkh no se excus\u00f3, pese a que fue parte procesal al inicio del juicio.<\/p>\n<p>La Judicatura del Azuay absolvi\u00f3 a los jueces; pero a nivel nacional s\u00ed se sancion\u00f3 a los jueces, y pidi\u00f3 la revocatoria de la sentencia.<\/p>\n<p>Jalkh, en una entrevista radial, rechaz\u00f3 las acusaciones del legislador. Afirm\u00f3 que \u201c\u00e9l ha o\u00eddo llover, pero no sabe en d\u00f3nde, y es vergonzoso c\u00f3mo plantea el caso\u201d. (I)<\/p>\n","protected":false},"excerpt":{"rendered":"<p>El presidente del Consejo de la Judicatura (CJ), Gustavo Jalkh, ser\u00e1 convocado a la Comisi\u00f3n de Justicia para que explique<\/p>\n","protected":false},"author":1,"featured_media":15656,"comment_status":"closed","ping_status":"closed","sticky":false,"template":"","format":"standard","meta":{"footnotes":""},"categories":[3],"tags":[],"_links":{"self":[{"href":"https:\/\/www.ecuadoraldia.com.ec\/index.php?rest_route=\/wp\/v2\/posts\/15655"}],"collection":[{"href":"https:\/\/www.ecuadoraldia.com.ec\/index.php?rest_route=\/wp\/v2\/posts"}],"about":[{"href":"https:\/\/www.ecuadoraldia.com.ec\/index.php?rest_route=\/wp\/v2\/types\/post"}],"author":[{"embeddable":true,"href":"https:\/\/www.ecuadoraldia.com.ec\/index.php?rest_route=\/wp\/v2\/users\/1"}],"replies":[{"embeddable":true,"href":"https:\/\/www.ecuadoraldia.com.ec\/index.php?rest_route=%2Fwp%2Fv2%2Fcomments&post=15655"}],"version-history":[{"count":1,"href":"https:\/\/www.ecuadoraldia.com.ec\/index.php?rest_route=\/wp\/v2\/posts\/15655\/revisions"}],"predecessor-version":[{"id":15657,"href":"https:\/\/www.ecuadoraldia.com.ec\/index.php?rest_route=\/wp\/v2\/posts\/15655\/revisions\/15657"}],"wp:featuredmedia":[{"embeddable":true,"href":"https:\/\/www.ecuadoraldia.com.ec\/index.php?rest_route=\/wp\/v2\/media\/15656"}],"wp:attachment":[{"href":"https:\/\/www.ecuadoraldia.com.ec\/index.php?rest_route=%2Fwp%2Fv2%2Fmedia&parent=15655"}],"wp:term":[{"taxonomy":"category","embeddable":true,"href":"https:\/\/www.ecuadoraldia.com.ec\/index.php?rest_route=%2Fwp%2Fv2%2Fcategories&post=15655"},{"taxonomy":"post_tag","embeddable":true,"href":"https:\/\/www.ecuadoraldia.com.ec\/index.php?rest_route=%2Fwp%2Fv2%2Ftags&post=15655"}],"curies":[{"name":"wp","href":"https:\/\/api.w.org\/{rel}","templated":true}]}}