{"id":15658,"date":"2017-09-14T10:27:29","date_gmt":"2017-09-14T15:27:29","guid":{"rendered":"http:\/\/www.ecuadoraldia.com.ec\/?p=15658"},"modified":"2017-09-14T10:47:42","modified_gmt":"2017-09-14T15:47:42","slug":"eljuri-rinde-version-sobre-presunta-captacion-ilegal-de-dinero","status":"publish","type":"post","link":"https:\/\/www.ecuadoraldia.com.ec\/?p=15658","title":{"rendered":"Eljuri rinde versi\u00f3n sobre presunta captaci\u00f3n ilegal de dinero"},"content":{"rendered":"<p><a href=\"http:\/\/www.ecuadoraldia.com.ec\/wp-content\/uploads\/2017\/09\/eljuri.jpg\"><img loading=\"lazy\" decoding=\"async\" class=\"alignleft size-medium wp-image-15659\" src=\"http:\/\/www.ecuadoraldia.com.ec\/wp-content\/uploads\/2017\/09\/eljuri-300x193.jpg\" alt=\"\" width=\"300\" height=\"193\" srcset=\"https:\/\/www.ecuadoraldia.com.ec\/wp-content\/uploads\/2017\/09\/eljuri-300x193.jpg 300w, https:\/\/www.ecuadoraldia.com.ec\/wp-content\/uploads\/2017\/09\/eljuri.jpg 516w\" sizes=\"(max-width: 300px) 100vw, 300px\" \/><\/a><\/p>\n<p>Juan Gabriel Eljuri rende \u00a0versi\u00f3n en el marco de la investigaci\u00f3n del caso Odebrecht Sai Bank.<br \/>\nLa fiscal Diana Salazar vincul\u00f3, a El Juri, por presunta captaci\u00f3n ilegal de dinero a trav\u00e9s del Sai Bank en Ecuador.<\/p>\n<p>A las 10:00 de este jueves 14 de septiembre, Eljuri Ant\u00f3n lleg\u00f3 a la Unidad de Transparencia y Lucha Contra la Corrupci\u00f3n, de la Fiscal\u00eda en Quito, para declarar en el marco de las investigaciones del caso Odebrecht Sai Bank.<\/p>\n<p>Eljuri Ant\u00f3n fue llamado a rendir su versi\u00f3n por la presunta captaci\u00f3n ilegal de dinero, acompa\u00f1ado por su abogado. \u00a0En la instrucci\u00f3n fiscal se investiga a cuatro personas.<\/p>\n<p>&nbsp;<\/p>\n","protected":false},"excerpt":{"rendered":"<p>Juan Gabriel Eljuri rende \u00a0versi\u00f3n en el marco de la investigaci\u00f3n del caso Odebrecht Sai Bank. La fiscal Diana Salazar<\/p>\n","protected":false},"author":1,"featured_media":15659,"comment_status":"closed","ping_status":"closed","sticky":false,"template":"","format":"standard","meta":{"footnotes":""},"categories":[1],"tags":[],"_links":{"self":[{"href":"https:\/\/www.ecuadoraldia.com.ec\/index.php?rest_route=\/wp\/v2\/posts\/15658"}],"collection":[{"href":"https:\/\/www.ecuadoraldia.com.ec\/index.php?rest_route=\/wp\/v2\/posts"}],"about":[{"href":"https:\/\/www.ecuadoraldia.com.ec\/index.php?rest_route=\/wp\/v2\/types\/post"}],"author":[{"embeddable":true,"href":"https:\/\/www.ecuadoraldia.com.ec\/index.php?rest_route=\/wp\/v2\/users\/1"}],"replies":[{"embeddable":true,"href":"https:\/\/www.ecuadoraldia.com.ec\/index.php?rest_route=%2Fwp%2Fv2%2Fcomments&post=15658"}],"version-history":[{"count":4,"href":"https:\/\/www.ecuadoraldia.com.ec\/index.php?rest_route=\/wp\/v2\/posts\/15658\/revisions"}],"predecessor-version":[{"id":15663,"href":"https:\/\/www.ecuadoraldia.com.ec\/index.php?rest_route=\/wp\/v2\/posts\/15658\/revisions\/15663"}],"wp:featuredmedia":[{"embeddable":true,"href":"https:\/\/www.ecuadoraldia.com.ec\/index.php?rest_route=\/wp\/v2\/media\/15659"}],"wp:attachment":[{"href":"https:\/\/www.ecuadoraldia.com.ec\/index.php?rest_route=%2Fwp%2Fv2%2Fmedia&parent=15658"}],"wp:term":[{"taxonomy":"category","embeddable":true,"href":"https:\/\/www.ecuadoraldia.com.ec\/index.php?rest_route=%2Fwp%2Fv2%2Fcategories&post=15658"},{"taxonomy":"post_tag","embeddable":true,"href":"https:\/\/www.ecuadoraldia.com.ec\/index.php?rest_route=%2Fwp%2Fv2%2Ftags&post=15658"}],"curies":[{"name":"wp","href":"https:\/\/api.w.org\/{rel}","templated":true}]}}