{"id":15667,"date":"2017-09-14T14:15:25","date_gmt":"2017-09-14T19:15:25","guid":{"rendered":"http:\/\/www.ecuadoraldia.com.ec\/?p=15667"},"modified":"2017-09-14T14:46:29","modified_gmt":"2017-09-14T19:46:29","slug":"zaruma-en-estado-de-excepcion-por-60-dias","status":"publish","type":"post","link":"https:\/\/www.ecuadoraldia.com.ec\/?p=15667","title":{"rendered":"Zaruma en estado de excepci\u00f3n por fallas geologicas"},"content":{"rendered":"<p><a href=\"http:\/\/www.ecuadoraldia.com.ec\/wp-content\/uploads\/2017\/09\/zaruma.jpg\"><img loading=\"lazy\" decoding=\"async\" class=\"alignleft size-medium wp-image-15668\" src=\"http:\/\/www.ecuadoraldia.com.ec\/wp-content\/uploads\/2017\/09\/zaruma-300x142.jpg\" alt=\"\" width=\"300\" height=\"142\" srcset=\"https:\/\/www.ecuadoraldia.com.ec\/wp-content\/uploads\/2017\/09\/zaruma-300x142.jpg 300w, https:\/\/www.ecuadoraldia.com.ec\/wp-content\/uploads\/2017\/09\/zaruma-768x362.jpg 768w, https:\/\/www.ecuadoraldia.com.ec\/wp-content\/uploads\/2017\/09\/zaruma-1024x483.jpg 1024w, https:\/\/www.ecuadoraldia.com.ec\/wp-content\/uploads\/2017\/09\/zaruma.jpg 1170w\" sizes=\"(max-width: 300px) 100vw, 300px\" \/><\/a><\/p>\n<p>El presidente de la Rep\u00fablica, Len\u00edn Moreno, declar\u00f3 el estado de excepci\u00f3n por 60 d\u00edas en el cant\u00f3n Zaruma, en la provincia de El Oro, afectada por la explotaci\u00f3n minera irracional e ilegal en el subsuelo del casco central de la urbe.<\/p>\n<p>\u00abSe va a modular este estado de excepci\u00f3n de acuerdo a las necesidades particulares en el cant\u00f3n\u00bb, sostuvo en rueda de prensa el ministro del Interior, C\u00e9sar Navas.<\/p>\n<p>Adem\u00e1s, se crear\u00e1 un comit\u00e9 multidisciplinario, que tenga capacidad de gesti\u00f3n y una autoridad en territorio para tomar decisiones, como asignaci\u00f3n de recursos para poder hacer un an\u00e1lisis t\u00e9cnico de la situaci\u00f3n e intervenir en \u00e1reas de soluci\u00f3n a problem\u00e1ticas puntuales.<\/p>\n<p>Este comit\u00e9 deber\u00e1 un primer informe en 15 d\u00edas para presentarlo al Primer Mandatario. \u00abYa existe alg\u00fan levantamiento de informaci\u00f3n que nos va a permitir no comenzar de cero\u00bb, dijo el ministro de Miner\u00eda, Javier C\u00f3rdova.<\/p>\n<p>Tambi\u00e9n inform\u00f3 que se suspender\u00e1n de manera temporal las operaciones de ciertas concesiones mineras. \u00abPese a que son operaciones legales, se ha identificado que desde esa zona ingresan por las galer\u00edas a realizar trabajos en la zona de exclusi\u00f3n, que es b\u00e1sicamente las faldas del cant\u00f3n Zaruma hasta la ciudad de Portovelo\u00bb.<\/p>\n<p>Navas se\u00f1al\u00f3 que se ha dispuesto una asignaci\u00f3n presupuestaria inicial de $ 4 millones para la intervenci\u00f3n inmediata en el cant\u00f3n.<\/p>\n<p>&nbsp;<\/p>\n","protected":false},"excerpt":{"rendered":"<p>El presidente de la Rep\u00fablica, Len\u00edn Moreno, declar\u00f3 el estado de excepci\u00f3n por 60 d\u00edas en el cant\u00f3n Zaruma, en<\/p>\n","protected":false},"author":1,"featured_media":15668,"comment_status":"closed","ping_status":"closed","sticky":false,"template":"","format":"standard","meta":{"footnotes":""},"categories":[1],"tags":[],"_links":{"self":[{"href":"https:\/\/www.ecuadoraldia.com.ec\/index.php?rest_route=\/wp\/v2\/posts\/15667"}],"collection":[{"href":"https:\/\/www.ecuadoraldia.com.ec\/index.php?rest_route=\/wp\/v2\/posts"}],"about":[{"href":"https:\/\/www.ecuadoraldia.com.ec\/index.php?rest_route=\/wp\/v2\/types\/post"}],"author":[{"embeddable":true,"href":"https:\/\/www.ecuadoraldia.com.ec\/index.php?rest_route=\/wp\/v2\/users\/1"}],"replies":[{"embeddable":true,"href":"https:\/\/www.ecuadoraldia.com.ec\/index.php?rest_route=%2Fwp%2Fv2%2Fcomments&post=15667"}],"version-history":[{"count":4,"href":"https:\/\/www.ecuadoraldia.com.ec\/index.php?rest_route=\/wp\/v2\/posts\/15667\/revisions"}],"predecessor-version":[{"id":15672,"href":"https:\/\/www.ecuadoraldia.com.ec\/index.php?rest_route=\/wp\/v2\/posts\/15667\/revisions\/15672"}],"wp:featuredmedia":[{"embeddable":true,"href":"https:\/\/www.ecuadoraldia.com.ec\/index.php?rest_route=\/wp\/v2\/media\/15668"}],"wp:attachment":[{"href":"https:\/\/www.ecuadoraldia.com.ec\/index.php?rest_route=%2Fwp%2Fv2%2Fmedia&parent=15667"}],"wp:term":[{"taxonomy":"category","embeddable":true,"href":"https:\/\/www.ecuadoraldia.com.ec\/index.php?rest_route=%2Fwp%2Fv2%2Fcategories&post=15667"},{"taxonomy":"post_tag","embeddable":true,"href":"https:\/\/www.ecuadoraldia.com.ec\/index.php?rest_route=%2Fwp%2Fv2%2Ftags&post=15667"}],"curies":[{"name":"wp","href":"https:\/\/api.w.org\/{rel}","templated":true}]}}