{"id":15673,"date":"2017-09-15T14:35:10","date_gmt":"2017-09-15T19:35:10","guid":{"rendered":"http:\/\/www.ecuadoraldia.com.ec\/?p=15673"},"modified":"2017-09-15T14:51:14","modified_gmt":"2017-09-15T19:51:14","slug":"moreno-dice-que-lo-espiaban","status":"publish","type":"post","link":"https:\/\/www.ecuadoraldia.com.ec\/?p=15673","title":{"rendered":"Moreno dice que lo espiaban"},"content":{"rendered":"<p><a href=\"http:\/\/www.ecuadoraldia.com.ec\/wp-content\/uploads\/2017\/09\/fimemoreno.jpg\"><img loading=\"lazy\" decoding=\"async\" class=\"alignleft size-medium wp-image-15674\" src=\"http:\/\/www.ecuadoraldia.com.ec\/wp-content\/uploads\/2017\/09\/fimemoreno-300x142.jpg\" alt=\"\" width=\"300\" height=\"142\" srcset=\"https:\/\/www.ecuadoraldia.com.ec\/wp-content\/uploads\/2017\/09\/fimemoreno-300x142.jpg 300w, https:\/\/www.ecuadoraldia.com.ec\/wp-content\/uploads\/2017\/09\/fimemoreno-768x362.jpg 768w, https:\/\/www.ecuadoraldia.com.ec\/wp-content\/uploads\/2017\/09\/fimemoreno-1024x483.jpg 1024w, https:\/\/www.ecuadoraldia.com.ec\/wp-content\/uploads\/2017\/09\/fimemoreno.jpg 1170w\" sizes=\"(max-width: 300px) 100vw, 300px\" \/><\/a><\/p>\n<p>El presidente de la Rep\u00fablica, Len\u00edn Moreno, revel\u00f3 este viernes sobre el hallazgo de una c\u00e1mara en su despacho, que fue instalada en la administraci\u00f3n del exmandatario Rafael Correa.<\/p>\n<p>Durante el Gabinete Ampliado, en Guayaquil, Moreno sostuvo que no fue informado en cuanto a la existencia de dicha c\u00e1mara.<\/p>\n<p>\u00abLa falta de delicadeza, por lo menos decir, hace que el presidente Correa ni siquiera me comunique que exist\u00eda esa c\u00e1mara de \u00e9l, y que \u00e9l le monitoreaba desde su tel\u00e9fono celular\u00bb.<\/p>\n<p>A\u00f1adi\u00f3 que, incluso, el Servicio de Protecci\u00f3n Presidencial anterior no inform\u00f3 al que ahora lo reemplaza sobre dicho artefacto. \u00abPero una de las cosas graciosas es que se hace barrido de c\u00e1maras (&#8230;) se hace todas las ma\u00f1anas y todo el mundo lo sabe, a las ocho de la ma\u00f1ana.<\/p>\n<p>Es decir, como para que ese momento lo tengan apagado y despu\u00e9s puedan encenderlo cuando quieran\u00bb, se\u00f1al\u00f3 Moreno. El Jefe de Estado dijo que estaba \u00abextremadamente molesto\u00bb por esta situaci\u00f3n y anunci\u00f3 que iniciar\u00e1 inmediatamente una investigaci\u00f3n.<\/p>\n<p>\u00abEstoy extremadamente molesto y pido que se inicie una fuerte investigaci\u00f3n inmediatamente\u00bb, indic\u00f3 el jefe de Estado durante la apertura de un gabinete ampliado en esta ciudad portuaria.<\/p>\n<p>Posteriormente, los ministros de Defensa, Miguel Carvajal, y del Interior, C\u00e9sar Navas, en una conferencia de prensa ratificaron sobre la existencia del dispositivo en el despacho presidencial.<\/p>\n<p>\u00abEs un incidente que vulnera la seguridad del presidente\u00bb, manifest\u00f3 Carvajal, al indicar que el dispositivo fue hallado de forma \u00abcasual\u00bb por el equipo de seguridad presidencial.<\/p>\n<p>El secretario de Estado agreg\u00f3 que se ha pedido a la Fiscal\u00eda que inicie las investigaciones para determinar si desde ese equipo se pod\u00eda monitorear las actividades del mandatario.<\/p>\n<p>Navas se\u00f1al\u00f3 que ya se dispuso que se realicen los peritajes correspondientes que aporten informaci\u00f3n a la indagaci\u00f3n que realicen las autoridades de Justicia.<\/p>\n<p>Consulta popular<\/p>\n<p>El gobernante tambi\u00e9n abord\u00f3 otros temas durante la sesi\u00f3n en Guayaquil. Entre estos, que se prev\u00e9 que un eventual llamado a consulta popular tenga espacio en la discusi\u00f3n. El primer mandatario, en su \u00faltimo informe al pa\u00eds, deline\u00f3 algunos aspectos que podr\u00eda consultar a los ciudadanos en una posible convocatoria a las urnas.<\/p>\n<p>Moreno dej\u00f3 sobre la mesa algunos temas como profundizar la participaci\u00f3n ciudadana, mejorar el sistema pol\u00edtico y m\u00e1s. Los ministros consultados est\u00e1n a favor de una consulta popular.<\/p>\n<p>Pasada las 11 de la ma\u00f1ana, decenas de simpatizantes de la Central Unitaria de Trabajadores y de los movimientos PAIS y Compromiso Social esperaron la llegada del primer mandatario en el exterior de la escuela del milenio \u2018Ileana Espinel\u2019, al norte de la ciudad.<\/p>\n","protected":false},"excerpt":{"rendered":"<p>El presidente de la Rep\u00fablica, Len\u00edn Moreno, revel\u00f3 este viernes sobre el hallazgo de una c\u00e1mara en su despacho, que<\/p>\n","protected":false},"author":1,"featured_media":15674,"comment_status":"closed","ping_status":"closed","sticky":false,"template":"","format":"standard","meta":{"footnotes":""},"categories":[3],"tags":[],"_links":{"self":[{"href":"https:\/\/www.ecuadoraldia.com.ec\/index.php?rest_route=\/wp\/v2\/posts\/15673"}],"collection":[{"href":"https:\/\/www.ecuadoraldia.com.ec\/index.php?rest_route=\/wp\/v2\/posts"}],"about":[{"href":"https:\/\/www.ecuadoraldia.com.ec\/index.php?rest_route=\/wp\/v2\/types\/post"}],"author":[{"embeddable":true,"href":"https:\/\/www.ecuadoraldia.com.ec\/index.php?rest_route=\/wp\/v2\/users\/1"}],"replies":[{"embeddable":true,"href":"https:\/\/www.ecuadoraldia.com.ec\/index.php?rest_route=%2Fwp%2Fv2%2Fcomments&post=15673"}],"version-history":[{"count":2,"href":"https:\/\/www.ecuadoraldia.com.ec\/index.php?rest_route=\/wp\/v2\/posts\/15673\/revisions"}],"predecessor-version":[{"id":15676,"href":"https:\/\/www.ecuadoraldia.com.ec\/index.php?rest_route=\/wp\/v2\/posts\/15673\/revisions\/15676"}],"wp:featuredmedia":[{"embeddable":true,"href":"https:\/\/www.ecuadoraldia.com.ec\/index.php?rest_route=\/wp\/v2\/media\/15674"}],"wp:attachment":[{"href":"https:\/\/www.ecuadoraldia.com.ec\/index.php?rest_route=%2Fwp%2Fv2%2Fmedia&parent=15673"}],"wp:term":[{"taxonomy":"category","embeddable":true,"href":"https:\/\/www.ecuadoraldia.com.ec\/index.php?rest_route=%2Fwp%2Fv2%2Fcategories&post=15673"},{"taxonomy":"post_tag","embeddable":true,"href":"https:\/\/www.ecuadoraldia.com.ec\/index.php?rest_route=%2Fwp%2Fv2%2Ftags&post=15673"}],"curies":[{"name":"wp","href":"https:\/\/api.w.org\/{rel}","templated":true}]}}