{"id":15691,"date":"2017-09-18T10:30:07","date_gmt":"2017-09-18T15:30:07","guid":{"rendered":"http:\/\/www.ecuadoraldia.com.ec\/?p=15691"},"modified":"2017-09-18T10:57:25","modified_gmt":"2017-09-18T15:57:25","slug":"moreno-nueve-fichas-zambrano-a-defensa-y-carvajal-a-gestion-de-la-politica","status":"publish","type":"post","link":"https:\/\/www.ecuadoraldia.com.ec\/?p=15691","title":{"rendered":"Moreno nueve fichas: Zambrano a Defensa y Carvajal a Gesti\u00f3n de la Pol\u00edtica."},"content":{"rendered":"<p>&nbsp;<\/p>\n<p><a href=\"http:\/\/www.ecuadoraldia.com.ec\/wp-content\/uploads\/2017\/09\/zambrano.jpg\"><img loading=\"lazy\" decoding=\"async\" class=\"alignleft size-medium wp-image-15694\" src=\"http:\/\/www.ecuadoraldia.com.ec\/wp-content\/uploads\/2017\/09\/zambrano-300x142.jpg\" alt=\"\" width=\"300\" height=\"142\" srcset=\"https:\/\/www.ecuadoraldia.com.ec\/wp-content\/uploads\/2017\/09\/zambrano-300x142.jpg 300w, https:\/\/www.ecuadoraldia.com.ec\/wp-content\/uploads\/2017\/09\/zambrano-768x362.jpg 768w, https:\/\/www.ecuadoraldia.com.ec\/wp-content\/uploads\/2017\/09\/zambrano-1024x483.jpg 1024w, https:\/\/www.ecuadoraldia.com.ec\/wp-content\/uploads\/2017\/09\/zambrano.jpg 1170w\" sizes=\"(max-width: 300px) 100vw, 300px\" \/><\/a><\/p>\n<p>El Socialista y parlamentario Andino patricio Zambrano asumi\u00f3 el cargo de Ministro de Defensa en reemplazo de Miguel Carvajal, quien asumira la Secretar\u00eda de Gesti\u00f3n de la Pol\u00edtica. Zambrano Tambi\u00e9n fue representante del Ejecutivo ante el Consejo de Regulaci\u00f3n y Desarrollo de la Informaci\u00f3n y Comunicaci\u00f3n (Cordicom) entre febrero y julio de 2016.<\/p>\n<p>Miguel Carvajal se despidi\u00f3 este lunes del Ministerio de Defensa y de los miembros de las Fuerzas Armadas, durante el momento c\u00edvico que se realiz\u00f3 en el complejo ministerial de esa cartera de Estado. \u00abCon enorme tristeza dejo hoy el Ministerio de Defensa.<br \/>\nCon la misma vocaci\u00f3n seguir\u00e9 trabajando por la transformaci\u00f3n del pa\u00eds\u00bb, subray\u00f3 el ministro saliente. Resalt\u00f3 el trabajo realizado con \u00abuna de las instituciones m\u00e1s prestigiosas como las FF.AA.\u00bb.<br \/>\n\u00abHemos trabajado por mejores condiciones de vivienda y de trabajo para nuestro personal militar\u00bb, recalc\u00f3 Carvajal y a\u00f1adi\u00f3 que todo lo que se haga debe ser \u00abconversado, discutido con nuestros militares, por el bien del pa\u00eds y de la instituci\u00f3n\u00bb.<br \/>\nMientras tanto el nuevo ministro Patricio Zambrano, subray\u00f3 que seguir\u00e1 con la pol\u00edtica del di\u00e1logo y trabajando por mejorar las capacidades y bienestar militar.<br \/>\nCarvajal asume la Secretar\u00eda Nacional de la Gesti\u00f3n Politica, de la cual ven\u00eda encarg\u00e1ndose desde el 28 de agosto, tras la renuncia de Paola Pab\u00f3n.<\/p>\n<p>Los Socialista mantienen una participaci\u00f3n activa en el Gobierno de la Revoluci\u00f3n Ciudadana, desde sus inicio, en la Constituyente de Montecristi, en la legislatura, el Parlamento Andino y en la embajada de Cuba, por citar algunos casos. Sin embargo hay otras organizaciones que est\u00e1n\u00a0en pie de lucha por el proyecto de la REVOLUCI\u00d3N, que hasta ahora no son considerados; me refiero al Movimiento de Izquierda Revolucionaria MIR, con Orlando Herrera a la cabeza, que se merece estar ya participando en el r\u00e9gimen.<br \/>\nEsta agrupaci\u00f3n que conoce de cerca las necesidades de la poblaci\u00f3n, debi\u00f3 ser considerada para dirigir la SECRETAR\u00cdA DE GESTI\u00d3N DE LA POL\u00cdTICA. Ya es hora que el Presidente Moreno conozca de cerca quienes est\u00e1n con la revoluci\u00f3n, no sea que cuando requiera el apoyo de quienes dirigen las bases, sea demasiado tarde. (I)<\/p>\n","protected":false},"excerpt":{"rendered":"<p>&nbsp; El Socialista y parlamentario Andino patricio Zambrano asumi\u00f3 el cargo de Ministro de Defensa en reemplazo de Miguel Carvajal,<\/p>\n","protected":false},"author":1,"featured_media":15694,"comment_status":"closed","ping_status":"closed","sticky":false,"template":"","format":"standard","meta":{"footnotes":""},"categories":[1],"tags":[],"_links":{"self":[{"href":"https:\/\/www.ecuadoraldia.com.ec\/index.php?rest_route=\/wp\/v2\/posts\/15691"}],"collection":[{"href":"https:\/\/www.ecuadoraldia.com.ec\/index.php?rest_route=\/wp\/v2\/posts"}],"about":[{"href":"https:\/\/www.ecuadoraldia.com.ec\/index.php?rest_route=\/wp\/v2\/types\/post"}],"author":[{"embeddable":true,"href":"https:\/\/www.ecuadoraldia.com.ec\/index.php?rest_route=\/wp\/v2\/users\/1"}],"replies":[{"embeddable":true,"href":"https:\/\/www.ecuadoraldia.com.ec\/index.php?rest_route=%2Fwp%2Fv2%2Fcomments&post=15691"}],"version-history":[{"count":6,"href":"https:\/\/www.ecuadoraldia.com.ec\/index.php?rest_route=\/wp\/v2\/posts\/15691\/revisions"}],"predecessor-version":[{"id":15699,"href":"https:\/\/www.ecuadoraldia.com.ec\/index.php?rest_route=\/wp\/v2\/posts\/15691\/revisions\/15699"}],"wp:featuredmedia":[{"embeddable":true,"href":"https:\/\/www.ecuadoraldia.com.ec\/index.php?rest_route=\/wp\/v2\/media\/15694"}],"wp:attachment":[{"href":"https:\/\/www.ecuadoraldia.com.ec\/index.php?rest_route=%2Fwp%2Fv2%2Fmedia&parent=15691"}],"wp:term":[{"taxonomy":"category","embeddable":true,"href":"https:\/\/www.ecuadoraldia.com.ec\/index.php?rest_route=%2Fwp%2Fv2%2Fcategories&post=15691"},{"taxonomy":"post_tag","embeddable":true,"href":"https:\/\/www.ecuadoraldia.com.ec\/index.php?rest_route=%2Fwp%2Fv2%2Ftags&post=15691"}],"curies":[{"name":"wp","href":"https:\/\/api.w.org\/{rel}","templated":true}]}}