{"id":15700,"date":"2017-09-18T19:37:47","date_gmt":"2017-09-19T00:37:47","guid":{"rendered":"http:\/\/www.ecuadoraldia.com.ec\/?p=15700"},"modified":"2017-09-18T19:42:10","modified_gmt":"2017-09-19T00:42:10","slug":"vallejo-rechaza-vinculo-con-instalacion-de-camara-en-despacho-presidencial","status":"publish","type":"post","link":"https:\/\/www.ecuadoraldia.com.ec\/?p=15700","title":{"rendered":"Vallejo rechaza v\u00ednculo con instalaci\u00f3n de c\u00e1mara en la presidencia"},"content":{"rendered":"<p><a href=\"http:\/\/www.ecuadoraldia.com.ec\/wp-content\/uploads\/2017\/09\/romivallejo.jpeg\"><img loading=\"lazy\" decoding=\"async\" class=\"alignleft size-medium wp-image-15701\" src=\"http:\/\/www.ecuadoraldia.com.ec\/wp-content\/uploads\/2017\/09\/romivallejo-300x168.jpeg\" alt=\"\" width=\"300\" height=\"168\" srcset=\"https:\/\/www.ecuadoraldia.com.ec\/wp-content\/uploads\/2017\/09\/romivallejo-300x168.jpeg 300w, https:\/\/www.ecuadoraldia.com.ec\/wp-content\/uploads\/2017\/09\/romivallejo.jpeg 612w\" sizes=\"(max-width: 300px) 100vw, 300px\" \/><\/a><\/p>\n<p>QUITO, Ecuador.- El titular de la Senain, Rommy Vallejo, mencion\u00f3 que el caso est\u00e1 bajo investigaci\u00f3n de la Fiscal\u00eda Ecuador.<\/p>\n<p>El titular de la Secretar\u00eda de Inteligencia (Senain), Rommy Vallejo, rechaz\u00f3 este 18 de septiembre de 2017 un supuesto v\u00ednculo con la colocaci\u00f3n de una c\u00e1mara en el despacho del presidente de la Rep\u00fablica, Len\u00edn Moreno. El funcionario dio estas declaraciones desde el aeropuerto de Quito, de donde parti\u00f3 el jefe de Estado hacia Estados Unidos.<\/p>\n<p>Vallejo inform\u00f3 que \u00abtodo lo relacionado con el mandatario es responsabilidad del Servicio de Protecci\u00f3n Presidencial\u00bb, integrado por personal de las Fuerzas Armadas (FF.AA.) y de la Polic\u00eda Nacional.<\/p>\n<p>Sobre su pedido de comparecencia a la Asamblea Nacional, solicitado esta ma\u00f1ana por el movimiento CREO, el secretario de Inteligencia record\u00f3 que el caso est\u00e1 siendo investigado por la Fiscal\u00eda General del Estado, cuyo resultado se conocer\u00eda en 10 d\u00edas.<\/p>\n<p>Len\u00edn Moreno inform\u00f3 el 15 de septiembre de 2017, desde Guayaquil, sobre el hallazgo de la c\u00e1mara oculta en su despacho, hecho que seg\u00fan dijo desconoc\u00eda y al cual calific\u00f3 de \u00abuna falta de delicadeza\u00bb.<\/p>\n<p>Seg\u00fan el presidente, esta c\u00e1mara fue instalada hace 7 u 8 a\u00f1os por el exmandatario Rafael Correa, quien -agreg\u00f3- la controlaba desde su celular. Inmediatamente, Correa rechaz\u00f3 la acusaci\u00f3n en su cuenta de Twitter y lo ret\u00f3 a probar.<\/p>\n<p>Luego de esta denuncia, agentes fiscales y de Criminal\u00edstica inspeccionaron el despacho en el Palacio de Carondelet sin dar detalles de la diligencia.(Ecuavisa)<\/p>\n","protected":false},"excerpt":{"rendered":"<p>QUITO, Ecuador.- El titular de la Senain, Rommy Vallejo, mencion\u00f3 que el caso est\u00e1 bajo investigaci\u00f3n de la Fiscal\u00eda Ecuador.<\/p>\n","protected":false},"author":1,"featured_media":15701,"comment_status":"closed","ping_status":"closed","sticky":false,"template":"","format":"standard","meta":{"footnotes":""},"categories":[1],"tags":[],"_links":{"self":[{"href":"https:\/\/www.ecuadoraldia.com.ec\/index.php?rest_route=\/wp\/v2\/posts\/15700"}],"collection":[{"href":"https:\/\/www.ecuadoraldia.com.ec\/index.php?rest_route=\/wp\/v2\/posts"}],"about":[{"href":"https:\/\/www.ecuadoraldia.com.ec\/index.php?rest_route=\/wp\/v2\/types\/post"}],"author":[{"embeddable":true,"href":"https:\/\/www.ecuadoraldia.com.ec\/index.php?rest_route=\/wp\/v2\/users\/1"}],"replies":[{"embeddable":true,"href":"https:\/\/www.ecuadoraldia.com.ec\/index.php?rest_route=%2Fwp%2Fv2%2Fcomments&post=15700"}],"version-history":[{"count":2,"href":"https:\/\/www.ecuadoraldia.com.ec\/index.php?rest_route=\/wp\/v2\/posts\/15700\/revisions"}],"predecessor-version":[{"id":15706,"href":"https:\/\/www.ecuadoraldia.com.ec\/index.php?rest_route=\/wp\/v2\/posts\/15700\/revisions\/15706"}],"wp:featuredmedia":[{"embeddable":true,"href":"https:\/\/www.ecuadoraldia.com.ec\/index.php?rest_route=\/wp\/v2\/media\/15701"}],"wp:attachment":[{"href":"https:\/\/www.ecuadoraldia.com.ec\/index.php?rest_route=%2Fwp%2Fv2%2Fmedia&parent=15700"}],"wp:term":[{"taxonomy":"category","embeddable":true,"href":"https:\/\/www.ecuadoraldia.com.ec\/index.php?rest_route=%2Fwp%2Fv2%2Fcategories&post=15700"},{"taxonomy":"post_tag","embeddable":true,"href":"https:\/\/www.ecuadoraldia.com.ec\/index.php?rest_route=%2Fwp%2Fv2%2Ftags&post=15700"}],"curies":[{"name":"wp","href":"https:\/\/api.w.org\/{rel}","templated":true}]}}