{"id":15703,"date":"2017-09-18T19:41:16","date_gmt":"2017-09-19T00:41:16","guid":{"rendered":"http:\/\/www.ecuadoraldia.com.ec\/?p=15703"},"modified":"2017-09-18T19:41:16","modified_gmt":"2017-09-19T00:41:16","slug":"villavicencio-denuncia-que-intermediacion-petrolera-causao-perjuicio-al-pais","status":"publish","type":"post","link":"https:\/\/www.ecuadoraldia.com.ec\/?p=15703","title":{"rendered":"Villavicencio denuncia que intermediaci\u00f3n petrolera \u00a0causa\u00f3 perjuicio al pa\u00eds"},"content":{"rendered":"<p><a href=\"http:\/\/www.ecuadoraldia.com.ec\/wp-content\/uploads\/2017\/09\/villavi.png\"><img loading=\"lazy\" decoding=\"async\" class=\"alignleft size-medium wp-image-15704\" src=\"http:\/\/www.ecuadoraldia.com.ec\/wp-content\/uploads\/2017\/09\/villavi-300x176.png\" alt=\"\" width=\"300\" height=\"176\" srcset=\"https:\/\/www.ecuadoraldia.com.ec\/wp-content\/uploads\/2017\/09\/villavi-300x176.png 300w, https:\/\/www.ecuadoraldia.com.ec\/wp-content\/uploads\/2017\/09\/villavi.png 636w\" sizes=\"(max-width: 300px) 100vw, 300px\" \/><\/a><br \/>\nEl activista pol\u00edtico Fernando Villavicencio regres\u00f3 de Per\u00fa al pa\u00eds para denunciar \u00abel caso m\u00e1s grande de corrupci\u00f3n\u00bb, seg\u00fan dijo durante una rueda de prensa en el Colegio de Abogados de Pichincha. Ah\u00ed se presentaron supuestas evidencias de que la intermediaci\u00f3n petrolera con Petrochina produjo \u00abun colosal\u00bb da\u00f1o a los intereses econ\u00f3micos del pa\u00eds y sus ciudadanos.<\/p>\n<p>Seg\u00fan Villavicencio, en los contratos de Ecuador con Petrochina se evidencia un perjuicio al Estado por m\u00e1s de $ 2.200 millones. Adem\u00e1s, exhort\u00f3 al presidente de la Rep\u00fablica, Len\u00edn Moreno, a vender el petr\u00f3leo de forma directa y no con intermediarios.<\/p>\n<p>La denuncia, de 105 p\u00e1ginas y 136 carpetas de anexos, es en contra del expresidente Rafael Corrrea, el vicepresidente Jorge Glas y otros funcionarios del Gobierno anterior; adem\u00e1s, figura un empresario privado. Esta ser\u00e1 presentada al fiscal Carlos Baca Mancheno, por perjuicio al Estado y mal uso de fondos p\u00fablicos.<\/p>\n<p>Villavicencio aleg\u00f3 que retorn\u00f3 al Ecuador movido por el pedido de Len\u00edn Moreno de que \u00abtodos los ciudadanos que sepan del cometimiento de delitos o de casos de corrupci\u00f3n, no se callen\u00bb. Sin embargo, el activista mantiene, al momento, orden de prisi\u00f3n en su contra por divulgar presuntos mensajes enviados al entonces presidente Rafael Correa.<\/p>\n<p>Desde 2009, Ecuador ha recibido $18 mil millones en l\u00edneas de cr\u00e9dito de China y Tailandia; a cambio ha comprometido la entrega de $ 1.204 millones de barriles de petr\u00f3leo hasta el a\u00f1o 2024. Hasta el momento, el expresidente Correa y el segundo mandatario no se han prenunciado sobre este tema. (Ecuavisa)<\/p>\n","protected":false},"excerpt":{"rendered":"<p>El activista pol\u00edtico Fernando Villavicencio regres\u00f3 de Per\u00fa al pa\u00eds para denunciar \u00abel caso m\u00e1s grande de corrupci\u00f3n\u00bb, seg\u00fan dijo<\/p>\n","protected":false},"author":1,"featured_media":15704,"comment_status":"closed","ping_status":"closed","sticky":false,"template":"","format":"standard","meta":{"footnotes":""},"categories":[1],"tags":[],"_links":{"self":[{"href":"https:\/\/www.ecuadoraldia.com.ec\/index.php?rest_route=\/wp\/v2\/posts\/15703"}],"collection":[{"href":"https:\/\/www.ecuadoraldia.com.ec\/index.php?rest_route=\/wp\/v2\/posts"}],"about":[{"href":"https:\/\/www.ecuadoraldia.com.ec\/index.php?rest_route=\/wp\/v2\/types\/post"}],"author":[{"embeddable":true,"href":"https:\/\/www.ecuadoraldia.com.ec\/index.php?rest_route=\/wp\/v2\/users\/1"}],"replies":[{"embeddable":true,"href":"https:\/\/www.ecuadoraldia.com.ec\/index.php?rest_route=%2Fwp%2Fv2%2Fcomments&post=15703"}],"version-history":[{"count":1,"href":"https:\/\/www.ecuadoraldia.com.ec\/index.php?rest_route=\/wp\/v2\/posts\/15703\/revisions"}],"predecessor-version":[{"id":15705,"href":"https:\/\/www.ecuadoraldia.com.ec\/index.php?rest_route=\/wp\/v2\/posts\/15703\/revisions\/15705"}],"wp:featuredmedia":[{"embeddable":true,"href":"https:\/\/www.ecuadoraldia.com.ec\/index.php?rest_route=\/wp\/v2\/media\/15704"}],"wp:attachment":[{"href":"https:\/\/www.ecuadoraldia.com.ec\/index.php?rest_route=%2Fwp%2Fv2%2Fmedia&parent=15703"}],"wp:term":[{"taxonomy":"category","embeddable":true,"href":"https:\/\/www.ecuadoraldia.com.ec\/index.php?rest_route=%2Fwp%2Fv2%2Fcategories&post=15703"},{"taxonomy":"post_tag","embeddable":true,"href":"https:\/\/www.ecuadoraldia.com.ec\/index.php?rest_route=%2Fwp%2Fv2%2Ftags&post=15703"}],"curies":[{"name":"wp","href":"https:\/\/api.w.org\/{rel}","templated":true}]}}