{"id":15707,"date":"2017-09-19T19:40:28","date_gmt":"2017-09-20T00:40:28","guid":{"rendered":"http:\/\/www.ecuadoraldia.com.ec\/?p=15707"},"modified":"2017-09-19T19:40:28","modified_gmt":"2017-09-20T00:40:28","slug":"mas-de-100-los-muertos-por-el-sismo-en-mexico","status":"publish","type":"post","link":"https:\/\/www.ecuadoraldia.com.ec\/?p=15707","title":{"rendered":"M\u00e1s de 100 los muertos por el sismo en M\u00e9xico"},"content":{"rendered":"<p><a href=\"http:\/\/www.ecuadoraldia.com.ec\/wp-content\/uploads\/2017\/09\/sismomexico19s17.jpg\"><img loading=\"lazy\" decoding=\"async\" class=\"alignleft size-medium wp-image-15708\" src=\"http:\/\/www.ecuadoraldia.com.ec\/wp-content\/uploads\/2017\/09\/sismomexico19s17-300x225.jpg\" alt=\"\" width=\"300\" height=\"225\" srcset=\"https:\/\/www.ecuadoraldia.com.ec\/wp-content\/uploads\/2017\/09\/sismomexico19s17-300x225.jpg 300w, https:\/\/www.ecuadoraldia.com.ec\/wp-content\/uploads\/2017\/09\/sismomexico19s17-768x576.jpg 768w, https:\/\/www.ecuadoraldia.com.ec\/wp-content\/uploads\/2017\/09\/sismomexico19s17.jpg 1024w\" sizes=\"(max-width: 300px) 100vw, 300px\" \/><\/a><br \/>\nCiudad de M\u00e9xico. M\u00e1s de cien muertos caus\u00f3 el sismo que estremeci\u00f3 este martes a la Ciudad de M\u00e9xico y a parte del centro del pa\u00eds, de acuerdo con informes oficiales.<\/p>\n<p>Los gobiernos estatales reportaron 42 v\u00edctimas en Morelos, ocho en el Estado de M\u00e9xico, 26 en Puebla, una en Guerrero y 30 en la capital.<\/p>\n<p>El sismo caus\u00f3 numerosos derrumbes en la Ciudad de M\u00e9xico, en las colonias Roma y Ju\u00e1rez, la Del Valle, el centro hist\u00f3rico, la Doctores y el norte de la Calzada de Tlalpan.<\/p>\n<p>Las comunicaciones colapsaron tan pronto se produjo el movimiento tel\u00farico y s\u00f3lo en zonas y de manera parcial se ha recuperado.<\/p>\n<p>El servicio de energ\u00eda el\u00e9ctrica tambi\u00e9n est\u00e1 cortado en gran parte de la capital.<\/p>\n<p>El Servicio Sismol\u00f3gico Nacional inform\u00f3 que el epicentro se localizo 12 kil\u00f3metros al sureste de Axochiapan, Morelos, y la intensidad fue de 7.1 grados.<\/p>\n<p>El Aeropuerto Internacional de la Ciudad de M\u00e9xico inform\u00f3 que se suspenden actividades hasta que haya revisado las instalaciones.<\/p>\n<p>El sismo se produjo a las 13.14 horas, tiempo local, s\u00f3lo dos horas despu\u00e9s de que se realizara en la capital del pa\u00eds un simulacro de protecci\u00f3n civil frente a un caso de temblor.<\/p>\n<p>Tambi\u00e9n ocurri\u00f3 dos semanas despu\u00e9s de un devastador terremoto que azot\u00f3 poblaciones de los estados de Oaxaca y Chiapas.<\/p>\n<p>El temblor caus\u00f3 alarma entre la poblaci\u00f3n, crisis nerviosas y algunos heridos. El sonido de las ambulancias de inmediato domin\u00f3 las calles de la capital, esta vez para emergencias de verdad.<\/p>\n<p>&nbsp;<\/p>\n","protected":false},"excerpt":{"rendered":"<p>Ciudad de M\u00e9xico. M\u00e1s de cien muertos caus\u00f3 el sismo que estremeci\u00f3 este martes a la Ciudad de M\u00e9xico y<\/p>\n","protected":false},"author":1,"featured_media":15708,"comment_status":"closed","ping_status":"closed","sticky":false,"template":"","format":"standard","meta":{"footnotes":""},"categories":[1],"tags":[],"_links":{"self":[{"href":"https:\/\/www.ecuadoraldia.com.ec\/index.php?rest_route=\/wp\/v2\/posts\/15707"}],"collection":[{"href":"https:\/\/www.ecuadoraldia.com.ec\/index.php?rest_route=\/wp\/v2\/posts"}],"about":[{"href":"https:\/\/www.ecuadoraldia.com.ec\/index.php?rest_route=\/wp\/v2\/types\/post"}],"author":[{"embeddable":true,"href":"https:\/\/www.ecuadoraldia.com.ec\/index.php?rest_route=\/wp\/v2\/users\/1"}],"replies":[{"embeddable":true,"href":"https:\/\/www.ecuadoraldia.com.ec\/index.php?rest_route=%2Fwp%2Fv2%2Fcomments&post=15707"}],"version-history":[{"count":1,"href":"https:\/\/www.ecuadoraldia.com.ec\/index.php?rest_route=\/wp\/v2\/posts\/15707\/revisions"}],"predecessor-version":[{"id":15709,"href":"https:\/\/www.ecuadoraldia.com.ec\/index.php?rest_route=\/wp\/v2\/posts\/15707\/revisions\/15709"}],"wp:featuredmedia":[{"embeddable":true,"href":"https:\/\/www.ecuadoraldia.com.ec\/index.php?rest_route=\/wp\/v2\/media\/15708"}],"wp:attachment":[{"href":"https:\/\/www.ecuadoraldia.com.ec\/index.php?rest_route=%2Fwp%2Fv2%2Fmedia&parent=15707"}],"wp:term":[{"taxonomy":"category","embeddable":true,"href":"https:\/\/www.ecuadoraldia.com.ec\/index.php?rest_route=%2Fwp%2Fv2%2Fcategories&post=15707"},{"taxonomy":"post_tag","embeddable":true,"href":"https:\/\/www.ecuadoraldia.com.ec\/index.php?rest_route=%2Fwp%2Fv2%2Ftags&post=15707"}],"curies":[{"name":"wp","href":"https:\/\/api.w.org\/{rel}","templated":true}]}}