{"id":15711,"date":"2017-09-20T12:21:51","date_gmt":"2017-09-20T17:21:51","guid":{"rendered":"http:\/\/www.ecuadoraldia.com.ec\/?p=15711"},"modified":"2017-09-20T12:23:32","modified_gmt":"2017-09-20T17:23:32","slug":"ornadas-medicas-analizaran-la-patologia-cardiovascular-y-tiroidea","status":"publish","type":"post","link":"https:\/\/www.ecuadoraldia.com.ec\/?p=15711","title":{"rendered":"Jornadas m\u00e9dicas analizar\u00e1n la patolog\u00eda cardiovascular y tiroidea"},"content":{"rendered":"<p><a href=\"http:\/\/www.ecuadoraldia.com.ec\/wp-content\/uploads\/2017\/09\/jornadas-medicas1.jpg\"><img loading=\"lazy\" decoding=\"async\" class=\"alignleft size-medium wp-image-15712\" src=\"http:\/\/www.ecuadoraldia.com.ec\/wp-content\/uploads\/2017\/09\/jornadas-medicas1-300x168.jpg\" alt=\"\" width=\"300\" height=\"168\" srcset=\"https:\/\/www.ecuadoraldia.com.ec\/wp-content\/uploads\/2017\/09\/jornadas-medicas1-300x168.jpg 300w, https:\/\/www.ecuadoraldia.com.ec\/wp-content\/uploads\/2017\/09\/jornadas-medicas1.jpg 660w\" sizes=\"(max-width: 300px) 100vw, 300px\" \/><\/a>Debido a que las enfermedades <strong>cardiovasculares y la diabetes<\/strong> son enfermedades prevenibles y tratables de forma temprana, es importante capacitar a los profesionales de primer y segundo nivel para evitar sus complicaciones, ha se\u00f1alado, <strong>William Acosta<\/strong>, l\u00edder del servicio de \u00a0Endocrinolog\u00eda del Hospital de Especialidades Eugenio Espejo (HEEE).<\/p>\n<p>De all\u00ed que los especialistas del HEEE han programado <strong>las cuartas jornadas de Endocrinolog\u00eda<\/strong>, m\u00f3dulo patolog\u00eda cardiovascular y tiroidea que se realizar\u00e1n del 25 al 28 de septiembre en el auditorio de esa casa de salud.<\/p>\n<p>La jornada de educaci\u00f3n m\u00e9dica ser\u00e1 gratuita pero Acosta ha aclarado que el servicio de Endocrinolog\u00eda lo que busca es\u00a0<strong>mejorar el manejo de estas enfermedades<\/strong> y se evite que el paciente termine complicado en un hospital de tercer nivel.<\/p>\n<p>\u201cLa idea no es solamente tratar pacientes con patolog\u00edas graves sino evitar que estas sucedan. Nos enfocaremos en la obesidad y sus complicaciones; la <strong>hipertensi\u00f3n, dislipidemia y diabetes<\/strong>\u201d, ha enfatizado Acosta.<\/p>\n<p>En Ecuador la segunda causa de muerte es la diabetes, \u201cuna enfermedad que al igual que las cerebro vasculares pueden ser manejadas bien en el primer y segundo nivel de atenci\u00f3n\u201d y evitar la elevada mortalidad, ha insistido.<\/p>\n<p><strong>El c\u00e1ncer de tiroides<\/strong><\/p>\n<p>Acosta ha adelantado que durante las jornadas se aprovechar\u00e1 la presencia del ecuatoriano <strong>Juan Pablo Brito<\/strong>, especialista de la Cl\u00ednica Mayo de Estados Unidos, para conocer sobre el manejo conservador del <strong>c\u00e1ncer de tiroides<\/strong>.<\/p>\n<p>\u201cNormalmente uno piensa en tratar agresivamente ese c\u00e1ncer y en dar quimioterapia. Pero esta patolog\u00eda ubicada en segundo lugar de incidencia de c\u00e1ncer en el Ecuador, generalmente no tiene pron\u00f3stico mortal, <strong>requiere de \u00a0tratamiento quir\u00fargico<\/strong>, yodo, levotiroxina y la mayor\u00eda de pacientes no necesitan de quimio o radioterapia. Entonces manejar conservadoramente a estos pacientes es la <strong>estrategia actual<\/strong>\u201d, ha manifestado el especialista organizador del evento.<\/p>\n<p>Las\u00a0 jornadas est\u00e1n dirigidas a <strong>m\u00e9dicos generales, internistas<\/strong>, cardi\u00f3logos y profesionales de atenci\u00f3n primaria y de segundo nivel.<\/p>\n","protected":false},"excerpt":{"rendered":"<p>Debido a que las enfermedades cardiovasculares y la diabetes son enfermedades prevenibles y tratables de forma temprana, es importante capacitar<\/p>\n","protected":false},"author":1,"featured_media":15712,"comment_status":"closed","ping_status":"closed","sticky":false,"template":"","format":"standard","meta":{"footnotes":""},"categories":[1],"tags":[],"_links":{"self":[{"href":"https:\/\/www.ecuadoraldia.com.ec\/index.php?rest_route=\/wp\/v2\/posts\/15711"}],"collection":[{"href":"https:\/\/www.ecuadoraldia.com.ec\/index.php?rest_route=\/wp\/v2\/posts"}],"about":[{"href":"https:\/\/www.ecuadoraldia.com.ec\/index.php?rest_route=\/wp\/v2\/types\/post"}],"author":[{"embeddable":true,"href":"https:\/\/www.ecuadoraldia.com.ec\/index.php?rest_route=\/wp\/v2\/users\/1"}],"replies":[{"embeddable":true,"href":"https:\/\/www.ecuadoraldia.com.ec\/index.php?rest_route=%2Fwp%2Fv2%2Fcomments&post=15711"}],"version-history":[{"count":2,"href":"https:\/\/www.ecuadoraldia.com.ec\/index.php?rest_route=\/wp\/v2\/posts\/15711\/revisions"}],"predecessor-version":[{"id":15714,"href":"https:\/\/www.ecuadoraldia.com.ec\/index.php?rest_route=\/wp\/v2\/posts\/15711\/revisions\/15714"}],"wp:featuredmedia":[{"embeddable":true,"href":"https:\/\/www.ecuadoraldia.com.ec\/index.php?rest_route=\/wp\/v2\/media\/15712"}],"wp:attachment":[{"href":"https:\/\/www.ecuadoraldia.com.ec\/index.php?rest_route=%2Fwp%2Fv2%2Fmedia&parent=15711"}],"wp:term":[{"taxonomy":"category","embeddable":true,"href":"https:\/\/www.ecuadoraldia.com.ec\/index.php?rest_route=%2Fwp%2Fv2%2Fcategories&post=15711"},{"taxonomy":"post_tag","embeddable":true,"href":"https:\/\/www.ecuadoraldia.com.ec\/index.php?rest_route=%2Fwp%2Fv2%2Ftags&post=15711"}],"curies":[{"name":"wp","href":"https:\/\/api.w.org\/{rel}","templated":true}]}}