{"id":15715,"date":"2017-09-20T19:10:51","date_gmt":"2017-09-21T00:10:51","guid":{"rendered":"http:\/\/www.ecuadoraldia.com.ec\/?p=15715"},"modified":"2017-09-20T19:10:51","modified_gmt":"2017-09-21T00:10:51","slug":"fiscalia-recepto-testimonios-en-el-caso-odebrecht","status":"publish","type":"post","link":"https:\/\/www.ecuadoraldia.com.ec\/?p=15715","title":{"rendered":"Fiscal\u00eda recept\u00f3 testimonios en el caso Odebrecht"},"content":{"rendered":"<p><a href=\"http:\/\/www.ecuadoraldia.com.ec\/wp-content\/uploads\/2017\/09\/fiscalia.png\"><img loading=\"lazy\" decoding=\"async\" class=\"alignleft size-medium wp-image-15716\" src=\"http:\/\/www.ecuadoraldia.com.ec\/wp-content\/uploads\/2017\/09\/fiscalia-300x166.png\" alt=\"\" width=\"300\" height=\"166\" srcset=\"https:\/\/www.ecuadoraldia.com.ec\/wp-content\/uploads\/2017\/09\/fiscalia-300x166.png 300w, https:\/\/www.ecuadoraldia.com.ec\/wp-content\/uploads\/2017\/09\/fiscalia-768x426.png 768w, https:\/\/www.ecuadoraldia.com.ec\/wp-content\/uploads\/2017\/09\/fiscalia-800x445.png 800w, https:\/\/www.ecuadoraldia.com.ec\/wp-content\/uploads\/2017\/09\/fiscalia.png 868w\" sizes=\"(max-width: 300px) 100vw, 300px\" \/><\/a><\/p>\n<p>Varias revelaciones en torno al caso Odebrecht se registraron la ma\u00f1ana de este mi\u00e9rcoles 20 de septiembre de 2017. Un contratista de Odebrecht en Ecuador, Kepler Verduga, confes\u00f3 que facturaba en exceso y el dinero lo devolv\u00eda a la constructora brasile\u00f1a. Tambi\u00e9n, testific\u00f3 que llev\u00f3 un mensaje de Odebrecht al exministro Walter Sol\u00eds, para decirle que le iban a dar una gratificaci\u00f3n econ\u00f3mica. Mientras que, otro procesado confes\u00f3 que sirvi\u00f3 de intermediario para que Odebrecht realice pagos al exgerente de transporte de Petroecuador, Ramiro Carrillo.<\/p>\n<p>Durante su testimonio, Verduga indic\u00f3 que prest\u00f3 servicios a Odebrecht para la construcci\u00f3n de dos obras del Gobierno anterior: el trasvase Daule-Vinces y la remoci\u00f3n de tierras para la Refiner\u00eda del Pac\u00edfico. Verduga cont\u00f3 que Odebrecht le hac\u00eda facturar en exceso y ese dinero lo devolv\u00edan a la constructora brasile\u00f1a en efectivo. Agreg\u00f3 que esos valores los entregaban en las oficinas de Guayaquil, ubicadas en un centro comercial del norte de Guayaquil, a trav\u00e9s de transferencias.<\/p>\n<p>Entre 2013 y 2015, Verduga devolvi\u00f3 a Odebrecht $1.200.000 en efectivo y $ 2.616.000 en transferencias.<\/p>\n<p>Tambi\u00e9n cont\u00f3 que hace aproximadamente 2 a\u00f1os, en un restaurante del norte de Guayaquil, estaban funcionarios de Senagua, entre ellos el procesado Carlos Villamar\u00edn, el exministro Walter Sol\u00eds y el actual secretario de la Reconstrucci\u00f3n, Carlos Bernal. Ah\u00ed Verduga se acerc\u00f3 a Sol\u00eds para decirle que Odebrecht le iba a entregar una gratificaci\u00f3n ec\u00f3nomica, mensaje enviado por Ricardo Vieira, directivo de Odebrecht en Ecuador. Todo lo escuch\u00f3 el abogado de C\u00e9sar Mont\u00fafar, quien pidi\u00f3 ser acusador particular en esta causa.<\/p>\n<p>Luego se prosigui\u00f3 con el testimonio del procesado Gustavo Massuh, quien confes\u00f3 que sirvi\u00f3 de intermediario para recibir pagos de Odebrecht que iban destinados a Ramiro Carrillo, exgerente de transporte de Petroecuador, quien firm\u00f3 el contrato con la constructora brasile\u00f1a para el Poliducto Pascuales-Cuenca. Massuh cont\u00f3 que en 2014 Odebrecht le deposit\u00f3 m\u00e1s de 300 mil euros a trav\u00e9s de una fiduciaria en Holanda y en 2015 recibi\u00f3 $ 250 mil d\u00f3lares. Luego le hac\u00eda pagos en efectivo a Carrillo en Miamo y tambi\u00e9n transferencias a una empresa.<\/p>\n<p>La tarde del mi\u00e9rcoles 20 de septiembre continuar\u00e1 la recepci\u00f3n de los testimonios del procesado Jos\u00e9 Rub\u00e9n Ter\u00e1n y del empleado de Ricardo Rivera, quien entreg\u00f3 una memoria con respaldos de correos y celulares de Rivera, as\u00ed como n\u00fameros telef\u00f3nicos del vicepresidente Jorge Glas.<\/p>\n","protected":false},"excerpt":{"rendered":"<p>Varias revelaciones en torno al caso Odebrecht se registraron la ma\u00f1ana de este mi\u00e9rcoles 20 de septiembre de 2017. Un<\/p>\n","protected":false},"author":1,"featured_media":15716,"comment_status":"closed","ping_status":"closed","sticky":false,"template":"","format":"standard","meta":{"footnotes":""},"categories":[5],"tags":[],"_links":{"self":[{"href":"https:\/\/www.ecuadoraldia.com.ec\/index.php?rest_route=\/wp\/v2\/posts\/15715"}],"collection":[{"href":"https:\/\/www.ecuadoraldia.com.ec\/index.php?rest_route=\/wp\/v2\/posts"}],"about":[{"href":"https:\/\/www.ecuadoraldia.com.ec\/index.php?rest_route=\/wp\/v2\/types\/post"}],"author":[{"embeddable":true,"href":"https:\/\/www.ecuadoraldia.com.ec\/index.php?rest_route=\/wp\/v2\/users\/1"}],"replies":[{"embeddable":true,"href":"https:\/\/www.ecuadoraldia.com.ec\/index.php?rest_route=%2Fwp%2Fv2%2Fcomments&post=15715"}],"version-history":[{"count":1,"href":"https:\/\/www.ecuadoraldia.com.ec\/index.php?rest_route=\/wp\/v2\/posts\/15715\/revisions"}],"predecessor-version":[{"id":15717,"href":"https:\/\/www.ecuadoraldia.com.ec\/index.php?rest_route=\/wp\/v2\/posts\/15715\/revisions\/15717"}],"wp:featuredmedia":[{"embeddable":true,"href":"https:\/\/www.ecuadoraldia.com.ec\/index.php?rest_route=\/wp\/v2\/media\/15716"}],"wp:attachment":[{"href":"https:\/\/www.ecuadoraldia.com.ec\/index.php?rest_route=%2Fwp%2Fv2%2Fmedia&parent=15715"}],"wp:term":[{"taxonomy":"category","embeddable":true,"href":"https:\/\/www.ecuadoraldia.com.ec\/index.php?rest_route=%2Fwp%2Fv2%2Fcategories&post=15715"},{"taxonomy":"post_tag","embeddable":true,"href":"https:\/\/www.ecuadoraldia.com.ec\/index.php?rest_route=%2Fwp%2Fv2%2Ftags&post=15715"}],"curies":[{"name":"wp","href":"https:\/\/api.w.org\/{rel}","templated":true}]}}