{"id":15738,"date":"2017-09-27T07:29:19","date_gmt":"2017-09-27T12:29:19","guid":{"rendered":"http:\/\/www.ecuadoraldia.com.ec\/?p=15738"},"modified":"2017-09-27T07:29:19","modified_gmt":"2017-09-27T12:29:19","slug":"la-caf-seguira-trabajando-por-el-desarrollo-ecuadtoriano","status":"publish","type":"post","link":"https:\/\/www.ecuadoraldia.com.ec\/?p=15738","title":{"rendered":"La CAF seguir\u00e0 trabajando por el desarrollo ecuadtoriano"},"content":{"rendered":"<p><a href=\"http:\/\/www.ecuadoraldia.com.ec\/wp-content\/uploads\/2017\/09\/caf.jpg\"><img loading=\"lazy\" decoding=\"async\" class=\"alignleft size-medium wp-image-15739\" src=\"http:\/\/www.ecuadoraldia.com.ec\/wp-content\/uploads\/2017\/09\/caf-300x169.jpg\" alt=\"\" width=\"300\" height=\"169\" srcset=\"https:\/\/www.ecuadoraldia.com.ec\/wp-content\/uploads\/2017\/09\/caf-300x169.jpg 300w, https:\/\/www.ecuadoraldia.com.ec\/wp-content\/uploads\/2017\/09\/caf-768x431.jpg 768w, https:\/\/www.ecuadoraldia.com.ec\/wp-content\/uploads\/2017\/09\/caf-1024x575.jpg 1024w, https:\/\/www.ecuadoraldia.com.ec\/wp-content\/uploads\/2017\/09\/caf.jpg 1100w\" sizes=\"(max-width: 300px) 100vw, 300px\" \/><\/a><\/p>\n<p>El mandatario Len\u00edn Moreno recibi\u00f3 este martes al presidente ejecutivo de la Coorporaci\u00f3n Andina de Fomento (CAF), Luis Carranza, con quien dialog\u00f3 sobre su relaci\u00f3n de trabajo y la cooperaci\u00f3n mantenida con este organismo, as\u00ed como los nuevas prioridades del gobierno para la atenci\u00f3n de la ciudadan\u00eda.<\/p>\n<p>Al culminar la reuni\u00f3n, que dur\u00f3 un poco m\u00e1s de una hora, Carranza explic\u00f3 que hab\u00edan topado principalmente dos temas: el primero sobre la cooperaci\u00f3n que la CAF tiene con el Ecuador con una agenda bastante amplia en temas de Vialidad, Energ\u00eda y Agua. En este punto -dijo- quieren intensificar esta cooperaci\u00f3n en temas de Educaci\u00f3n, G\u00e9nero y Combate a la Desnutrici\u00f3n Infantil, un tema en el que Moreno enfatiz\u00f3.<\/p>\n<p>El segundo punto que trataron es la disposici\u00f3n del pa\u00eds en acoger la pr\u00f3xima reuni\u00f3n del directorio de la CAF que se realizar\u00e1 el 5 de diciembre. \u201cEsta va a ser una magn\u00edfica oportunidad para poder discutir los temas estrat\u00e9gicos de CAF de cara al desarrollo de la regi\u00f3n\u201d, se\u00f1al\u00f3 Carranza, que se mostr\u00f3 agradecido con el mandatario por su hospitalidad.<\/p>\n<p>En cuanto a las inversiones que otorgar\u00e1 el organismo al Ecuador, Carranza asegur\u00f3 que \u201ctenemos aprobaciones por 2.400 millones de d\u00f3lares para los pr\u00f3ximos 5 a\u00f1os (\u2026) Lo que estamos viendo son los nuevos proyectos y las nuevas prioridades del gobierno para los pr\u00f3ximos a\u00f1os\u201d, dijo.<\/p>\n<p>Aunque asegur\u00f3 que estos temas no fueron tratados directamente con el presidente sino la noche previa en el despacho del ministro Miguel Carvajal, secretario de Gesti\u00f3n de la Pol\u00edtica.<\/p>\n<p>\u201cVenimos trabajando de manera intensa en hacer los desembolsos correspondientes, en ver las nuevas prioridades que se tienen y en apoyar al Ecuador y a todos los pa\u00edses que son miembros de CAF en el desarrollo\u201d, finaliz\u00f3.<\/p>\n","protected":false},"excerpt":{"rendered":"<p>El mandatario Len\u00edn Moreno recibi\u00f3 este martes al presidente ejecutivo de la Coorporaci\u00f3n Andina de Fomento (CAF), Luis Carranza, con<\/p>\n","protected":false},"author":1,"featured_media":15739,"comment_status":"closed","ping_status":"closed","sticky":false,"template":"","format":"standard","meta":{"footnotes":""},"categories":[9],"tags":[],"_links":{"self":[{"href":"https:\/\/www.ecuadoraldia.com.ec\/index.php?rest_route=\/wp\/v2\/posts\/15738"}],"collection":[{"href":"https:\/\/www.ecuadoraldia.com.ec\/index.php?rest_route=\/wp\/v2\/posts"}],"about":[{"href":"https:\/\/www.ecuadoraldia.com.ec\/index.php?rest_route=\/wp\/v2\/types\/post"}],"author":[{"embeddable":true,"href":"https:\/\/www.ecuadoraldia.com.ec\/index.php?rest_route=\/wp\/v2\/users\/1"}],"replies":[{"embeddable":true,"href":"https:\/\/www.ecuadoraldia.com.ec\/index.php?rest_route=%2Fwp%2Fv2%2Fcomments&post=15738"}],"version-history":[{"count":1,"href":"https:\/\/www.ecuadoraldia.com.ec\/index.php?rest_route=\/wp\/v2\/posts\/15738\/revisions"}],"predecessor-version":[{"id":15740,"href":"https:\/\/www.ecuadoraldia.com.ec\/index.php?rest_route=\/wp\/v2\/posts\/15738\/revisions\/15740"}],"wp:featuredmedia":[{"embeddable":true,"href":"https:\/\/www.ecuadoraldia.com.ec\/index.php?rest_route=\/wp\/v2\/media\/15739"}],"wp:attachment":[{"href":"https:\/\/www.ecuadoraldia.com.ec\/index.php?rest_route=%2Fwp%2Fv2%2Fmedia&parent=15738"}],"wp:term":[{"taxonomy":"category","embeddable":true,"href":"https:\/\/www.ecuadoraldia.com.ec\/index.php?rest_route=%2Fwp%2Fv2%2Fcategories&post=15738"},{"taxonomy":"post_tag","embeddable":true,"href":"https:\/\/www.ecuadoraldia.com.ec\/index.php?rest_route=%2Fwp%2Fv2%2Ftags&post=15738"}],"curies":[{"name":"wp","href":"https:\/\/api.w.org\/{rel}","templated":true}]}}