{"id":15741,"date":"2017-09-27T07:34:49","date_gmt":"2017-09-27T12:34:49","guid":{"rendered":"http:\/\/www.ecuadoraldia.com.ec\/?p=15741"},"modified":"2017-09-27T07:35:23","modified_gmt":"2017-09-27T12:35:23","slug":"jorge-glas-amplia-su-version-en-caso-odebrecht","status":"publish","type":"post","link":"https:\/\/www.ecuadoraldia.com.ec\/?p=15741","title":{"rendered":"Jorge Glas ampli\u00f3 su versi\u00f3n en el caso Odebrecht"},"content":{"rendered":"<p><a href=\"http:\/\/www.ecuadoraldia.com.ec\/wp-content\/uploads\/2017\/09\/glass.jpeg\"><img loading=\"lazy\" decoding=\"async\" class=\"alignleft size-medium wp-image-15742\" src=\"http:\/\/www.ecuadoraldia.com.ec\/wp-content\/uploads\/2017\/09\/glass-300x167.jpeg\" alt=\"\" width=\"300\" height=\"167\" srcset=\"https:\/\/www.ecuadoraldia.com.ec\/wp-content\/uploads\/2017\/09\/glass-300x167.jpeg 300w, https:\/\/www.ecuadoraldia.com.ec\/wp-content\/uploads\/2017\/09\/glass.jpeg 612w\" sizes=\"(max-width: 300px) 100vw, 300px\" \/><\/a><\/p>\n<p>Quito -\u201cQueda muy claro que tuvieron relaci\u00f3n cercana (el vicepresidente Jorge Glas y su t\u00edo Ricardo Rivera) que no era \u00fanicamente familiar, pero adem\u00e1s queda claro que el vicepresidente (Glas) le transmiti\u00f3 informaci\u00f3n sobre la empresa Glory (International Industry) a Ricardo Rivera\u201d.<\/p>\n<p>Para C\u00e9sar Mont\u00fafar, acusador particular del segundo mandatario dentro del proceso por supuesta asociaci\u00f3n il\u00edcita en el caso Odebrecht, esa fue una de las partes m\u00e1s importantes en la ampliaci\u00f3n de la versi\u00f3n que rindi\u00f3 ayer Glas por casi cinco horas ante el fiscal Wilson Toainga.<\/p>\n<p>Cerca de cuatro horas m\u00e1s les tom\u00f3 a Glas y a su grupo de abogados, encabezado por Eduardo Franco, realizar revisiones a la versi\u00f3n entregada.<\/p>\n<p>Mont\u00fafar explic\u00f3 que en la ampliaci\u00f3n de la versi\u00f3n que dio Glas, este habr\u00eda aceptado que transmiti\u00f3 a su t\u00edo, en enero del 2015, informaci\u00f3n de la empresa Glory, la cual est\u00e1 domiciliada en las Islas Marshall.<\/p>\n<p>La informaci\u00f3n que dio el vicepresidente, seg\u00fan Mont\u00fafar, correspond\u00eda a una verificaci\u00f3n realizada sobre las vinculaciones que aparec\u00edan en otros pa\u00edses de la relaci\u00f3n entre Rivera y Glory Internacional.<\/p>\n<p>Desde temprano, en los exteriores de la Fiscal\u00eda General, se apostaron cerca de 80 seguidores de Alianza PAIS para la supuesta inocencia de Glas.<\/p>\n<p>Al ingreso y salida de Mont\u00fafar, ellos lo agredieron verbal y f\u00edsicamente. Polic\u00edas trataron de resguardar al pol\u00edtico de botellas de cristal lanzadas, golpes con palos de madera de las banderas y hasta con muletas. En medio de la salida, periodistas, camar\u00f3grafos y fot\u00f3grafos fueron tambi\u00e9n agredidos.<\/p>\n<p>Al salir de la diligencia, Glas dijo a los periodistas: \u201cHe podido desvincular cada uno de esos puntos que fueron presentados en su oportunidad, enfrentando as\u00ed las presiones de un linchamiento medi\u00e1tico y de una oposici\u00f3n orquestada que ha tratado de presionar al sistema de justicia\u201d.<\/p>\n<p>Sobre Glory dijo que ha aclarado el tema en su versi\u00f3n con muchos detalles. Explic\u00f3 que cont\u00f3 al fiscal que ante las denuncias que se hicieron p\u00fablicas en redes sociales, con fecha 4 de enero de 2015, \u00e9l solicit\u00f3 una \u201cverificaci\u00f3n\u201d de datos a una firma jur\u00eddica internacional, la cual con el acceso de documentos p\u00fablicos en el pa\u00eds donde estaba la empresa, no demostraba vinculaci\u00f3n alguna, en ese momento, con Rivera.<\/p>\n<p>\u201cSiendo Ricardo Rivera el acusado por esta denuncia p\u00fablica cre\u00ed que lo correcto era transmitir esa informaci\u00f3n a la persona que era acusada directamente, lo cual me hab\u00eda generado preocupaci\u00f3n y que en su momento fue negado por Ricardo Rivera\u201d, apunt\u00f3.<\/p>\n<p>Mont\u00fafar tambi\u00e9n manifest\u00f3 que en la versi\u00f3n del vicepresidente, \u00e9l \u201creconoci\u00f3\u201d que mantuvo reuniones en su despacho con funcionarios de Odebrecht como Jos\u00e9 Santos.<\/p>\n<p>Eso le hace presumir al exlegislador que esas reuniones no fueron programadas y por ello no aparecen en su agenda. Glas respondi\u00f3 que hubo dos citas entre el 2013 y el 2016. (I)<\/p>\n","protected":false},"excerpt":{"rendered":"<p>Quito -\u201cQueda muy claro que tuvieron relaci\u00f3n cercana (el vicepresidente Jorge Glas y su t\u00edo Ricardo Rivera) que no era<\/p>\n","protected":false},"author":1,"featured_media":15742,"comment_status":"closed","ping_status":"closed","sticky":false,"template":"","format":"standard","meta":{"footnotes":""},"categories":[5],"tags":[],"_links":{"self":[{"href":"https:\/\/www.ecuadoraldia.com.ec\/index.php?rest_route=\/wp\/v2\/posts\/15741"}],"collection":[{"href":"https:\/\/www.ecuadoraldia.com.ec\/index.php?rest_route=\/wp\/v2\/posts"}],"about":[{"href":"https:\/\/www.ecuadoraldia.com.ec\/index.php?rest_route=\/wp\/v2\/types\/post"}],"author":[{"embeddable":true,"href":"https:\/\/www.ecuadoraldia.com.ec\/index.php?rest_route=\/wp\/v2\/users\/1"}],"replies":[{"embeddable":true,"href":"https:\/\/www.ecuadoraldia.com.ec\/index.php?rest_route=%2Fwp%2Fv2%2Fcomments&post=15741"}],"version-history":[{"count":2,"href":"https:\/\/www.ecuadoraldia.com.ec\/index.php?rest_route=\/wp\/v2\/posts\/15741\/revisions"}],"predecessor-version":[{"id":15744,"href":"https:\/\/www.ecuadoraldia.com.ec\/index.php?rest_route=\/wp\/v2\/posts\/15741\/revisions\/15744"}],"wp:featuredmedia":[{"embeddable":true,"href":"https:\/\/www.ecuadoraldia.com.ec\/index.php?rest_route=\/wp\/v2\/media\/15742"}],"wp:attachment":[{"href":"https:\/\/www.ecuadoraldia.com.ec\/index.php?rest_route=%2Fwp%2Fv2%2Fmedia&parent=15741"}],"wp:term":[{"taxonomy":"category","embeddable":true,"href":"https:\/\/www.ecuadoraldia.com.ec\/index.php?rest_route=%2Fwp%2Fv2%2Fcategories&post=15741"},{"taxonomy":"post_tag","embeddable":true,"href":"https:\/\/www.ecuadoraldia.com.ec\/index.php?rest_route=%2Fwp%2Fv2%2Ftags&post=15741"}],"curies":[{"name":"wp","href":"https:\/\/api.w.org\/{rel}","templated":true}]}}