{"id":15745,"date":"2017-09-28T18:23:21","date_gmt":"2017-09-28T23:23:21","guid":{"rendered":"http:\/\/www.ecuadoraldia.com.ec\/?p=15745"},"modified":"2017-09-28T18:23:21","modified_gmt":"2017-09-28T23:23:21","slug":"el-estado-presenta-acusacion-contra-glas","status":"publish","type":"post","link":"https:\/\/www.ecuadoraldia.com.ec\/?p=15745","title":{"rendered":"El Estado presenta acusaci\u00f3n contra Glas"},"content":{"rendered":"<p><a href=\"http:\/\/www.ecuadoraldia.com.ec\/wp-content\/uploads\/2017\/09\/caso-glas.jpg\"><img loading=\"lazy\" decoding=\"async\" class=\"alignleft size-medium wp-image-15746\" src=\"http:\/\/www.ecuadoraldia.com.ec\/wp-content\/uploads\/2017\/09\/caso-glas-300x179.jpg\" alt=\"\" width=\"300\" height=\"179\" srcset=\"https:\/\/www.ecuadoraldia.com.ec\/wp-content\/uploads\/2017\/09\/caso-glas-300x179.jpg 300w, https:\/\/www.ecuadoraldia.com.ec\/wp-content\/uploads\/2017\/09\/caso-glas.jpg 753w\" sizes=\"(max-width: 300px) 100vw, 300px\" \/><\/a><\/p>\n<p>Quito, 28 de septiembre de 2017. La Procuradur\u00eda General del Estado present\u00f3 este jueves una acusaci\u00f3n particular en contra de los 18 procesados por supuesta asociaci\u00f3n il\u00edcita relacionada con el caso Odebrecht, en el que se incluye al vicepresidente Jorge Glas y su t\u00edo Ricardo Rivera.<\/p>\n<p>La acusaci\u00f3n la present\u00f3 el delegado de lo Civil y Penal de la Procuradur\u00eda, Carlos Jurado Beltr\u00e1n, ante la Corte Nacional de Justicia (CNJ).<\/p>\n<p>Esta acci\u00f3n se da luego de un \u00abtrabajo institucional realizado por un equipo de abogados del \u00e1rea de patrocinio penal que han seguido al detalle todas y cada una de las diligencias procesales desarrolladas dentro de la etapa de instrucci\u00f3n, manteni\u00e9ndose ajena a las circunstancias pol\u00edticas y al inter\u00e9s y seguimiento de la prensa nacional y del p\u00fablico en genera\u00bb, indic\u00f3 la Procuradur\u00eda en un comunicado.<\/p>\n<p>La entidad asegur\u00f3 que usando un esquema de corrupci\u00f3n \u00abbajo un manto de aparente legalidad\u00bb Odebrecht us\u00f3 a funcionarios p\u00fablicos y particulares que \u00abactuaban como intermediarios de altos servidores p\u00fablicos, pertenecientes a varias instituciones del Estado\u00bb, para adjudicarse \u00abnumerosos proyectos en el pa\u00eds\u00bb.<\/p>\n<p>\u00abDe acuerdo con la informaci\u00f3n original, este esquema de corrupci\u00f3n habr\u00eda generado m\u00e1s de 33.5 millones de d\u00f3lares en coimas, aunque al momento, solo en el caso de asociaci\u00f3n il\u00edcita, ya se han detectado cerca de 40 millones en movimientos irregulares de dinero\u00bb, asegur\u00f3 la Procuradur\u00eda en su pronunciamiento.<\/p>\n<p>\u00bfQu\u00e9 significa esta acusaci\u00f3n?<br \/>\nJulio C\u00e9sar Cueva, doctor en Jurisprudencia, explica que la acusaci\u00f3n particular de la Procuradur\u00eda General del Estado, dentro de la investigaci\u00f3n por asociaci\u00f3n il\u00edcita por el caso Odebrecht, significa que el Estado acusa directamente al vicepresidente de la Rep\u00fablica, Jorge Glas, implicado junto a su t\u00edo Ricardo Rivera y otras 16 personas.<\/p>\n<p>\u00abEn este momento el Procurador, que representa a la persona jur\u00eddica llamada Estado, cuando present\u00f3 la acusaci\u00f3n lo que est\u00e1 diciendo es: &#8216;yo acuso al Vicepresidente de haberse asociado il\u00edcitamente para cometer con otras personas otros delitos conexos'\u00bb, explica Cueva,<\/p>\n<p>La acusaci\u00f3n particular, se\u00f1ala el jurisconsulto, le permite al Estado dos cosas: ser parte procesal dentro de la etapa de juicio y pedir una reparaci\u00f3n integral en caso de que se llegue a una condena.<\/p>\n<p>Manifiesta que una persona natural o juridica que se siente afectada dentro de un proceso puede presentar una acusaci\u00f3n en la etapa de instrucci\u00f3n fiscal, que en el caso del delito de asociaci\u00f3n il\u00edcita termina este domingo. Por lo tanto, el Estado se suma al exasamble\u00edsta C\u00e9sar Mont\u00fafar como acusador particular.<\/p>\n<p>\u00abEs decir, ya participa el Estado en la parte m\u00e1s importante que es la pr\u00e1ctica de la prueba, en el juzgamiento; ya no es un actor que est\u00e1 mirando de lejos, sino que ya participa, se sienta al lado del fiscal y coadyuva con la carga de la prueba&#8230;\u00bb, sostiene Cueva.<\/p>\n<p>Se\u00f1ala que podr\u00eda ser probable que el testimonio anticipado de Jos\u00e9 Concei\u00e7\u00e3o Santos, exfuncionario de Odebrecht que se\u00f1al\u00f3 al vicepresidente Jorge Glas y a su t\u00edo Ricardo Rivera como quienes le solicitaron millones de d\u00f3lares de coima, haya sido determinante para la acusaci\u00f3n de la Procuradur\u00eda.<\/p>\n<p>\u00abPuede ser muy posible que ese testimonio fue la gota que derram\u00f3 el vaso y le deja al Estado la convicci\u00f3n que va a poder ayudar en la parte probatoria y facilitar la condena&#8230;\u00bb, dice el doctor en Jur\u00edsprudencia. (I)<\/p>\n","protected":false},"excerpt":{"rendered":"<p>Quito, 28 de septiembre de 2017. La Procuradur\u00eda General del Estado present\u00f3 este jueves una acusaci\u00f3n particular en contra de<\/p>\n","protected":false},"author":1,"featured_media":15746,"comment_status":"closed","ping_status":"closed","sticky":false,"template":"","format":"standard","meta":{"footnotes":""},"categories":[5],"tags":[],"_links":{"self":[{"href":"https:\/\/www.ecuadoraldia.com.ec\/index.php?rest_route=\/wp\/v2\/posts\/15745"}],"collection":[{"href":"https:\/\/www.ecuadoraldia.com.ec\/index.php?rest_route=\/wp\/v2\/posts"}],"about":[{"href":"https:\/\/www.ecuadoraldia.com.ec\/index.php?rest_route=\/wp\/v2\/types\/post"}],"author":[{"embeddable":true,"href":"https:\/\/www.ecuadoraldia.com.ec\/index.php?rest_route=\/wp\/v2\/users\/1"}],"replies":[{"embeddable":true,"href":"https:\/\/www.ecuadoraldia.com.ec\/index.php?rest_route=%2Fwp%2Fv2%2Fcomments&post=15745"}],"version-history":[{"count":1,"href":"https:\/\/www.ecuadoraldia.com.ec\/index.php?rest_route=\/wp\/v2\/posts\/15745\/revisions"}],"predecessor-version":[{"id":15747,"href":"https:\/\/www.ecuadoraldia.com.ec\/index.php?rest_route=\/wp\/v2\/posts\/15745\/revisions\/15747"}],"wp:featuredmedia":[{"embeddable":true,"href":"https:\/\/www.ecuadoraldia.com.ec\/index.php?rest_route=\/wp\/v2\/media\/15746"}],"wp:attachment":[{"href":"https:\/\/www.ecuadoraldia.com.ec\/index.php?rest_route=%2Fwp%2Fv2%2Fmedia&parent=15745"}],"wp:term":[{"taxonomy":"category","embeddable":true,"href":"https:\/\/www.ecuadoraldia.com.ec\/index.php?rest_route=%2Fwp%2Fv2%2Fcategories&post=15745"},{"taxonomy":"post_tag","embeddable":true,"href":"https:\/\/www.ecuadoraldia.com.ec\/index.php?rest_route=%2Fwp%2Fv2%2Ftags&post=15745"}],"curies":[{"name":"wp","href":"https:\/\/api.w.org\/{rel}","templated":true}]}}