{"id":15748,"date":"2017-09-29T17:14:46","date_gmt":"2017-09-29T22:14:46","guid":{"rendered":"http:\/\/www.ecuadoraldia.com.ec\/?p=15748"},"modified":"2017-09-29T17:14:46","modified_gmt":"2017-09-29T22:14:46","slug":"la-economia-ecuatoriana-crecio-33-en-segundo-trimestre","status":"publish","type":"post","link":"https:\/\/www.ecuadoraldia.com.ec\/?p=15748","title":{"rendered":"La econom\u00eda ecuatoriana creci\u00f3 3,3% en segundo trimestre"},"content":{"rendered":"<p><a href=\"http:\/\/www.ecuadoraldia.com.ec\/wp-content\/uploads\/2017\/09\/ecuador-economia.jpg\"><img loading=\"lazy\" decoding=\"async\" class=\"alignleft size-medium wp-image-15749\" src=\"http:\/\/www.ecuadoraldia.com.ec\/wp-content\/uploads\/2017\/09\/ecuador-economia-300x245.jpg\" alt=\"\" width=\"300\" height=\"245\" srcset=\"https:\/\/www.ecuadoraldia.com.ec\/wp-content\/uploads\/2017\/09\/ecuador-economia-300x245.jpg 300w, https:\/\/www.ecuadoraldia.com.ec\/wp-content\/uploads\/2017\/09\/ecuador-economia.jpg 708w\" sizes=\"(max-width: 300px) 100vw, 300px\" \/><\/a><\/p>\n<p>Este es el tercer trimestre consecutivo en el que la econom\u00eda ecuatoriana crece, seg\u00fan inform\u00f3 hoy el Banco Central del Ecuador (BCE) en su presentaci\u00f3n de Cuentas Nacionales Trimestrales y Balanza de Pagos.<\/p>\n<p>El reporte presentado este viernes 29 de septiembre por la gerenta del BCE, Ver\u00f3nica Artola, se\u00f1ala que el consumo en los hogares fue el principal factor para el crecimiento del PIB en el segundo trimestre del a\u00f1o. Este segmento present\u00f3 un incremento del 5,4%.<\/p>\n<p>Tambi\u00e9n otros segmentos como las exportaciones subieron en 1,1% y el consumo del Gobierno en 2,1%. Pese a ello, la cuenta corriente de la balanza de pagos tiene super\u00e1vit de $ 652,3 millones en el segundo trimestre.<\/p>\n<p>Artola sostuvo que la econom\u00eda nacional continua en recuperaci\u00f3n. No obstante, pese a los buenos resultados, las previsiones de crecimiento para el cierre de a\u00f1o de 1,42% se mantiene.<\/p>\n","protected":false},"excerpt":{"rendered":"<p>Este es el tercer trimestre consecutivo en el que la econom\u00eda ecuatoriana crece, seg\u00fan inform\u00f3 hoy el Banco Central del<\/p>\n","protected":false},"author":1,"featured_media":15749,"comment_status":"closed","ping_status":"closed","sticky":false,"template":"","format":"standard","meta":{"footnotes":""},"categories":[9],"tags":[],"_links":{"self":[{"href":"https:\/\/www.ecuadoraldia.com.ec\/index.php?rest_route=\/wp\/v2\/posts\/15748"}],"collection":[{"href":"https:\/\/www.ecuadoraldia.com.ec\/index.php?rest_route=\/wp\/v2\/posts"}],"about":[{"href":"https:\/\/www.ecuadoraldia.com.ec\/index.php?rest_route=\/wp\/v2\/types\/post"}],"author":[{"embeddable":true,"href":"https:\/\/www.ecuadoraldia.com.ec\/index.php?rest_route=\/wp\/v2\/users\/1"}],"replies":[{"embeddable":true,"href":"https:\/\/www.ecuadoraldia.com.ec\/index.php?rest_route=%2Fwp%2Fv2%2Fcomments&post=15748"}],"version-history":[{"count":1,"href":"https:\/\/www.ecuadoraldia.com.ec\/index.php?rest_route=\/wp\/v2\/posts\/15748\/revisions"}],"predecessor-version":[{"id":15750,"href":"https:\/\/www.ecuadoraldia.com.ec\/index.php?rest_route=\/wp\/v2\/posts\/15748\/revisions\/15750"}],"wp:featuredmedia":[{"embeddable":true,"href":"https:\/\/www.ecuadoraldia.com.ec\/index.php?rest_route=\/wp\/v2\/media\/15749"}],"wp:attachment":[{"href":"https:\/\/www.ecuadoraldia.com.ec\/index.php?rest_route=%2Fwp%2Fv2%2Fmedia&parent=15748"}],"wp:term":[{"taxonomy":"category","embeddable":true,"href":"https:\/\/www.ecuadoraldia.com.ec\/index.php?rest_route=%2Fwp%2Fv2%2Fcategories&post=15748"},{"taxonomy":"post_tag","embeddable":true,"href":"https:\/\/www.ecuadoraldia.com.ec\/index.php?rest_route=%2Fwp%2Fv2%2Ftags&post=15748"}],"curies":[{"name":"wp","href":"https:\/\/api.w.org\/{rel}","templated":true}]}}