{"id":15751,"date":"2017-09-29T17:17:47","date_gmt":"2017-09-29T22:17:47","guid":{"rendered":"http:\/\/www.ecuadoraldia.com.ec\/?p=15751"},"modified":"2017-09-29T17:17:47","modified_gmt":"2017-09-29T22:17:47","slug":"sueldos-tambien-se-reducen-a-los-asambleistas","status":"publish","type":"post","link":"https:\/\/www.ecuadoraldia.com.ec\/?p=15751","title":{"rendered":"Sueldos tambi\u00e9n se reducen a los asamble\u00edstas"},"content":{"rendered":"<p><a href=\"http:\/\/www.ecuadoraldia.com.ec\/wp-content\/uploads\/2017\/09\/asamblea.jpg\"><img loading=\"lazy\" decoding=\"async\" class=\"alignleft size-medium wp-image-15752\" src=\"http:\/\/www.ecuadoraldia.com.ec\/wp-content\/uploads\/2017\/09\/asamblea-300x169.jpg\" alt=\"\" width=\"300\" height=\"169\" srcset=\"https:\/\/www.ecuadoraldia.com.ec\/wp-content\/uploads\/2017\/09\/asamblea-300x169.jpg 300w, https:\/\/www.ecuadoraldia.com.ec\/wp-content\/uploads\/2017\/09\/asamblea.jpg 762w\" sizes=\"(max-width: 300px) 100vw, 300px\" \/><\/a><\/p>\n<p>Las medidas de austeridad dispuestas por el presidente Len\u00edn Moreno llegan tambi\u00e9n para los miembros de la Asamblea Nacional.<\/p>\n<p>Mediante un documento emitido y firmado el pasado 22 de septiembre por el titular del Ministerio de Trabajo, Ra\u00fal Ledesma, se aprob\u00f3 la reducci\u00f3n de sueldos no solo para los asamble\u00edstas, sino tambi\u00e9n para otras autoridades y funcionarios de jerarqu\u00eda superior (superen nivel 2) dentro del Ejecutivo.<\/p>\n<p>El Acuerdo Ministerial 152, establece que los parlamentarios pasar\u00e1n de ganar remuneraciones mensuales $ 5.009 a 4.508, lo que supone una disminuci\u00f3n de $ 500.<\/p>\n<p>En d\u00edas pasados, miembros del \u00f3rgano legislativo habr\u00edan mostrado su malestar por esta posibilidad que ahora es una realidad y, en la pr\u00e1ctica, entr\u00f3 en vigencia a partir del 1 de septiembre.<\/p>\n<p>Dentro de esta disposici\u00f3n quedan excluidos los directores y gerentes de hospitales, centros o unidades de salud, director, rector y miembros activos de las Fuerzas Armadas, Polic\u00eda y Comisi\u00f3n de Tr\u00e1nsito.<\/p>\n<p><a href=\"http:\/\/www.ecuadoraldia.com.ec\/wp-content\/uploads\/2017\/09\/cargos.jpg\"><img loading=\"lazy\" decoding=\"async\" class=\"alignleft size-medium wp-image-15753\" src=\"http:\/\/www.ecuadoraldia.com.ec\/wp-content\/uploads\/2017\/09\/cargos-300x210.jpg\" alt=\"\" width=\"300\" height=\"210\" srcset=\"https:\/\/www.ecuadoraldia.com.ec\/wp-content\/uploads\/2017\/09\/cargos-300x210.jpg 300w, https:\/\/www.ecuadoraldia.com.ec\/wp-content\/uploads\/2017\/09\/cargos-130x90.jpg 130w, https:\/\/www.ecuadoraldia.com.ec\/wp-content\/uploads\/2017\/09\/cargos.jpg 588w\" sizes=\"(max-width: 300px) 100vw, 300px\" \/><\/a><\/p>\n","protected":false},"excerpt":{"rendered":"<p>Las medidas de austeridad dispuestas por el presidente Len\u00edn Moreno llegan tambi\u00e9n para los miembros de la Asamblea Nacional. Mediante<\/p>\n","protected":false},"author":1,"featured_media":15752,"comment_status":"closed","ping_status":"closed","sticky":false,"template":"","format":"standard","meta":{"footnotes":""},"categories":[9],"tags":[],"_links":{"self":[{"href":"https:\/\/www.ecuadoraldia.com.ec\/index.php?rest_route=\/wp\/v2\/posts\/15751"}],"collection":[{"href":"https:\/\/www.ecuadoraldia.com.ec\/index.php?rest_route=\/wp\/v2\/posts"}],"about":[{"href":"https:\/\/www.ecuadoraldia.com.ec\/index.php?rest_route=\/wp\/v2\/types\/post"}],"author":[{"embeddable":true,"href":"https:\/\/www.ecuadoraldia.com.ec\/index.php?rest_route=\/wp\/v2\/users\/1"}],"replies":[{"embeddable":true,"href":"https:\/\/www.ecuadoraldia.com.ec\/index.php?rest_route=%2Fwp%2Fv2%2Fcomments&post=15751"}],"version-history":[{"count":1,"href":"https:\/\/www.ecuadoraldia.com.ec\/index.php?rest_route=\/wp\/v2\/posts\/15751\/revisions"}],"predecessor-version":[{"id":15754,"href":"https:\/\/www.ecuadoraldia.com.ec\/index.php?rest_route=\/wp\/v2\/posts\/15751\/revisions\/15754"}],"wp:featuredmedia":[{"embeddable":true,"href":"https:\/\/www.ecuadoraldia.com.ec\/index.php?rest_route=\/wp\/v2\/media\/15752"}],"wp:attachment":[{"href":"https:\/\/www.ecuadoraldia.com.ec\/index.php?rest_route=%2Fwp%2Fv2%2Fmedia&parent=15751"}],"wp:term":[{"taxonomy":"category","embeddable":true,"href":"https:\/\/www.ecuadoraldia.com.ec\/index.php?rest_route=%2Fwp%2Fv2%2Fcategories&post=15751"},{"taxonomy":"post_tag","embeddable":true,"href":"https:\/\/www.ecuadoraldia.com.ec\/index.php?rest_route=%2Fwp%2Fv2%2Ftags&post=15751"}],"curies":[{"name":"wp","href":"https:\/\/api.w.org\/{rel}","templated":true}]}}