{"id":15932,"date":"2017-11-09T14:47:09","date_gmt":"2017-11-09T19:47:09","guid":{"rendered":"http:\/\/www.ecuadoraldia.com.ec\/?p=15932"},"modified":"2017-11-09T14:47:09","modified_gmt":"2017-11-09T19:47:09","slug":"ala-correista-esperara-dictamen-de-la-cc-para-defidir-postura-sobre-la-consulta-popular","status":"publish","type":"post","link":"https:\/\/www.ecuadoraldia.com.ec\/?p=15932","title":{"rendered":"Ala Corre\u00edsta esperar\u00e1 dictamen de la CC para defidir postura sobre la Consulta Popular"},"content":{"rendered":"<p><a href=\"http:\/\/www.ecuadoraldia.com.ec\/wp-content\/uploads\/2017\/11\/ala-correista-ap.jpg\"><img loading=\"lazy\" decoding=\"async\" class=\"alignleft size-medium wp-image-15933\" src=\"http:\/\/www.ecuadoraldia.com.ec\/wp-content\/uploads\/2017\/11\/ala-correista-ap-300x142.jpg\" alt=\"\" width=\"300\" height=\"142\" srcset=\"https:\/\/www.ecuadoraldia.com.ec\/wp-content\/uploads\/2017\/11\/ala-correista-ap-300x142.jpg 300w, https:\/\/www.ecuadoraldia.com.ec\/wp-content\/uploads\/2017\/11\/ala-correista-ap-768x362.jpg 768w, https:\/\/www.ecuadoraldia.com.ec\/wp-content\/uploads\/2017\/11\/ala-correista-ap-1024x483.jpg 1024w, https:\/\/www.ecuadoraldia.com.ec\/wp-content\/uploads\/2017\/11\/ala-correista-ap.jpg 1170w\" sizes=\"(max-width: 300px) 100vw, 300px\" \/><\/a><\/p>\n<p>Un grupo de 22 legisladores miembros de la bancada del movimiento Alianza PAIS dieron a conocer 9 ejes que, \u00abcontinuar\u00e1n guiando nuestra acci\u00f3n y compromiso\u00bb.<\/p>\n<p>En el primer punto se ratifican en \u00abmantener la lealtad y la defensa a los principios y logros de la Revoluci\u00f3n Ciudadana, liderados por Correa\u00bb.<br \/>\nTambi\u00e9n expresaron su decisi\u00f3n de apoyar todas las propuestas que permitan el cumplimiento del programa de gobierno que gan\u00f3 las elecciones el 2 de abril pasado.<br \/>\nEn el tercer punto se\u00f1alan que \u00abno apoyar\u00e1n leyes y medidas que aumenten los impuestos a la clase media y los sectores populares\u00bb. \u00abLos recursos que el pa\u00eds requiere est\u00e1n en la evasi\u00f3n tributaria de los poderosos grupos econ\u00f3micos y en los capitales sacados de la econom\u00eda del pa\u00eds a para\u00edsos fiscales\u00bb, apuntan.<br \/>\nIndican que continuar\u00e1n fiscalizando con imparcialidad para que ning\u00fan acto de corrupci\u00f3n \u00abvenga de donde venga\u00bb quede impune. En este punto piden la aprobaci\u00f3n del C\u00f3digo de \u00c9tica de la legislatura. Adem\u00e1s, rechazan la utilizaci\u00f3n pol\u00edtica de la institucionalidad estatal, particularmente la Contralor\u00eda para \u00abla persecuci\u00f3n y retaliaci\u00f3n\u00bb.<br \/>\nEn otro punto reivindican la consulta popular como mecanismo democr\u00e1tico. A\u00f1aden que tomar\u00e1n una decisi\u00f3n al respecto de las preguntas, luego del dictamen de la Corte Constitucional. Explican que han presentado observaciones, puesto que consideran hay un intento de regresi\u00f3n de derechos, \u00abcon preguntas que pretenden otorgar poderes totales al Presidente de la Rep\u00fablica\u00bb.<br \/>\nLos legisladores anunciaron que respaldan las resoluciones tomadas por la Direcci\u00f3n Nacional de Alianza PAIS \u00aben estricto apego a sus estatutos y normativa pertinente\u00bb. Agregan que mantendr\u00e1n el di\u00f3logo pol\u00edtico con los sectores y organizaciones pol\u00edticas. Por \u00faltimo, demandan a los medios de comunicaci\u00f3n p\u00fablicos y privados, a que \u00abcumpan con una comunicaci\u00f3n veraz y contextualizada\u00bb.<\/p>\n","protected":false},"excerpt":{"rendered":"<p>Un grupo de 22 legisladores miembros de la bancada del movimiento Alianza PAIS dieron a conocer 9 ejes que, \u00abcontinuar\u00e1n<\/p>\n","protected":false},"author":1,"featured_media":15933,"comment_status":"closed","ping_status":"closed","sticky":false,"template":"","format":"standard","meta":{"footnotes":""},"categories":[1],"tags":[33],"_links":{"self":[{"href":"https:\/\/www.ecuadoraldia.com.ec\/index.php?rest_route=\/wp\/v2\/posts\/15932"}],"collection":[{"href":"https:\/\/www.ecuadoraldia.com.ec\/index.php?rest_route=\/wp\/v2\/posts"}],"about":[{"href":"https:\/\/www.ecuadoraldia.com.ec\/index.php?rest_route=\/wp\/v2\/types\/post"}],"author":[{"embeddable":true,"href":"https:\/\/www.ecuadoraldia.com.ec\/index.php?rest_route=\/wp\/v2\/users\/1"}],"replies":[{"embeddable":true,"href":"https:\/\/www.ecuadoraldia.com.ec\/index.php?rest_route=%2Fwp%2Fv2%2Fcomments&post=15932"}],"version-history":[{"count":1,"href":"https:\/\/www.ecuadoraldia.com.ec\/index.php?rest_route=\/wp\/v2\/posts\/15932\/revisions"}],"predecessor-version":[{"id":15934,"href":"https:\/\/www.ecuadoraldia.com.ec\/index.php?rest_route=\/wp\/v2\/posts\/15932\/revisions\/15934"}],"wp:featuredmedia":[{"embeddable":true,"href":"https:\/\/www.ecuadoraldia.com.ec\/index.php?rest_route=\/wp\/v2\/media\/15933"}],"wp:attachment":[{"href":"https:\/\/www.ecuadoraldia.com.ec\/index.php?rest_route=%2Fwp%2Fv2%2Fmedia&parent=15932"}],"wp:term":[{"taxonomy":"category","embeddable":true,"href":"https:\/\/www.ecuadoraldia.com.ec\/index.php?rest_route=%2Fwp%2Fv2%2Fcategories&post=15932"},{"taxonomy":"post_tag","embeddable":true,"href":"https:\/\/www.ecuadoraldia.com.ec\/index.php?rest_route=%2Fwp%2Fv2%2Ftags&post=15932"}],"curies":[{"name":"wp","href":"https:\/\/api.w.org\/{rel}","templated":true}]}}