{"id":15936,"date":"2017-11-09T15:36:26","date_gmt":"2017-11-09T20:36:26","guid":{"rendered":"http:\/\/www.ecuadoraldia.com.ec\/?p=15936"},"modified":"2017-11-09T15:36:26","modified_gmt":"2017-11-09T20:36:26","slug":"fiscal-13-5-millones-de-coimas-eran-para-glas","status":"publish","type":"post","link":"https:\/\/www.ecuadoraldia.com.ec\/?p=15936","title":{"rendered":"Fiscal: 13.5 millones de coimas eran para  Glas"},"content":{"rendered":"<p><a href=\"http:\/\/www.ecuadoraldia.com.ec\/wp-content\/uploads\/2017\/11\/5a0478042aedf.jpeg\"><img loading=\"lazy\" decoding=\"async\" class=\"alignleft size-medium wp-image-15937\" src=\"http:\/\/www.ecuadoraldia.com.ec\/wp-content\/uploads\/2017\/11\/5a0478042aedf-300x167.jpeg\" alt=\"\" width=\"300\" height=\"167\" srcset=\"https:\/\/www.ecuadoraldia.com.ec\/wp-content\/uploads\/2017\/11\/5a0478042aedf-300x167.jpeg 300w, https:\/\/www.ecuadoraldia.com.ec\/wp-content\/uploads\/2017\/11\/5a0478042aedf.jpeg 612w\" sizes=\"(max-width: 300px) 100vw, 300px\" \/><\/a><\/p>\n<p>El fiscal Carlos Baca asegur\u00f3 que Jorge Glas se benefici\u00f3 de USD 13,5 millones en sobornos pagados por Odebrecht para la adjudicaci\u00f3n de cinco contratos, entre el 2012 y el 2016. La Fiscal\u00eda se\u00f1al\u00f3 que Ricardo Rivera, t\u00edo de Glas, actu\u00f3 como intermediario para solicitar y recibir esos pagos.<\/p>\n<p>En la audiencia preparatoria de juicio del caso Odebrecht, este jueves 9 de noviembre del 2017, Baca Mancheno acus\u00f3 a Glas, vicepresidente de Ecuador, y a su t\u00edo como autores del delito de asociaci\u00f3n il\u00edcita. Con ellos, otras 11 personas, entre ellas el excontralor Carlos P\u00f3lit, tambi\u00e9n fueron acusadas. Seg\u00fan Baca, en el 2011, el t\u00edo del Vicepresidente se present\u00f3 ante Jos\u00e9 Concei\u00e7\u00e3o Santos, principal apoderado de la constructora Odebrecht en el Ecuador, y se identific\u00f3 como intermediario del Segundo Mandatario, quien en ese entonces se desempe\u00f1aba como Ministro Coordinador de Sectores Estrat\u00e9gicos.<\/p>\n<p>Tras esa reuni\u00f3n, el Fiscal asegura que Odebrecht y Rivera acordaron pagos por cinco obras que hoy son se\u00f1aladas: Poliducto Pascuales-Cuenca, Trasvase Daule-Vinces, Manduriacu, Refiner\u00eda de Esmeraldas (movimiento de tierras) y Acueducto la Esperanza. Desde las 10:40, el juez Miguel Jurado hizo un receso, para preparar la segunda etapa de la audiencia, en la que los abogados de los sospechosos deber\u00e1n presentar sus alegatos al dictamen de la Fiscal\u00eda.<\/p>\n<p>&nbsp;<\/p>\n","protected":false},"excerpt":{"rendered":"<p>El fiscal Carlos Baca asegur\u00f3 que Jorge Glas se benefici\u00f3 de USD 13,5 millones en sobornos pagados por Odebrecht para<\/p>\n","protected":false},"author":1,"featured_media":15937,"comment_status":"closed","ping_status":"closed","sticky":false,"template":"","format":"standard","meta":{"footnotes":""},"categories":[5],"tags":[34],"_links":{"self":[{"href":"https:\/\/www.ecuadoraldia.com.ec\/index.php?rest_route=\/wp\/v2\/posts\/15936"}],"collection":[{"href":"https:\/\/www.ecuadoraldia.com.ec\/index.php?rest_route=\/wp\/v2\/posts"}],"about":[{"href":"https:\/\/www.ecuadoraldia.com.ec\/index.php?rest_route=\/wp\/v2\/types\/post"}],"author":[{"embeddable":true,"href":"https:\/\/www.ecuadoraldia.com.ec\/index.php?rest_route=\/wp\/v2\/users\/1"}],"replies":[{"embeddable":true,"href":"https:\/\/www.ecuadoraldia.com.ec\/index.php?rest_route=%2Fwp%2Fv2%2Fcomments&post=15936"}],"version-history":[{"count":1,"href":"https:\/\/www.ecuadoraldia.com.ec\/index.php?rest_route=\/wp\/v2\/posts\/15936\/revisions"}],"predecessor-version":[{"id":15938,"href":"https:\/\/www.ecuadoraldia.com.ec\/index.php?rest_route=\/wp\/v2\/posts\/15936\/revisions\/15938"}],"wp:featuredmedia":[{"embeddable":true,"href":"https:\/\/www.ecuadoraldia.com.ec\/index.php?rest_route=\/wp\/v2\/media\/15937"}],"wp:attachment":[{"href":"https:\/\/www.ecuadoraldia.com.ec\/index.php?rest_route=%2Fwp%2Fv2%2Fmedia&parent=15936"}],"wp:term":[{"taxonomy":"category","embeddable":true,"href":"https:\/\/www.ecuadoraldia.com.ec\/index.php?rest_route=%2Fwp%2Fv2%2Fcategories&post=15936"},{"taxonomy":"post_tag","embeddable":true,"href":"https:\/\/www.ecuadoraldia.com.ec\/index.php?rest_route=%2Fwp%2Fv2%2Ftags&post=15936"}],"curies":[{"name":"wp","href":"https:\/\/api.w.org\/{rel}","templated":true}]}}