{"id":15939,"date":"2017-11-12T16:14:29","date_gmt":"2017-11-12T21:14:29","guid":{"rendered":"http:\/\/www.ecuadoraldia.com.ec\/?p=15939"},"modified":"2017-11-12T16:16:39","modified_gmt":"2017-11-12T21:16:39","slug":"res-vias-acorralan-a-glas-en-el-caso-odebrecht","status":"publish","type":"post","link":"https:\/\/www.ecuadoraldia.com.ec\/?p=15939","title":{"rendered":"Tres v\u00edas acorralan a Glas en el caso Odebrecht"},"content":{"rendered":"<p><a href=\"http:\/\/www.ecuadoraldia.com.ec\/wp-content\/uploads\/2017\/11\/jorge-glas-tre-causas.jpg\"><img loading=\"lazy\" decoding=\"async\" class=\"size-medium wp-image-15940\" src=\"http:\/\/www.ecuadoraldia.com.ec\/wp-content\/uploads\/2017\/11\/jorge-glas-tre-causas-300x169.jpg\" alt=\"\" width=\"300\" height=\"169\" srcset=\"https:\/\/www.ecuadoraldia.com.ec\/wp-content\/uploads\/2017\/11\/jorge-glas-tre-causas-300x169.jpg 300w, https:\/\/www.ecuadoraldia.com.ec\/wp-content\/uploads\/2017\/11\/jorge-glas-tre-causas.jpg 700w\" sizes=\"(max-width: 300px) 100vw, 300px\" \/><\/a><\/p>\n<p>Tres escenarios se presentan en torno a Jorge Glas Espinel que lo llevar\u00edan a perder su cargo de vicepresidente de la Rep\u00fablica: lo judicial, constitucional y lo legislativo, que se enlazan y complementan entre s\u00ed.<\/p>\n<p>El juicio penal que se avizora contra \u00e9l como autor del delito de asociaci\u00f3n il\u00edcita en el caso Odebrecht, como lo acusa la Fiscal\u00eda, abonar\u00e1 al juicio pol\u00edtico que present\u00f3 la oposici\u00f3n en la Asamblea Nacional y que constituye otro escenario para llevarlo a la destituci\u00f3n.<\/p>\n<p>La otra v\u00eda se refiere a una causal para quitar la investidura contemplada en el art\u00edculo 145 de la Constituci\u00f3n: abandono de cargo, y que depende de la decisi\u00f3n del juez de mantener la orden de prisi\u00f3n preventiva contra Glas que supere los 90 d\u00edas; ahora lleva 41 d\u00edas de estar preso en la C\u00e1rcel 4.<\/p>\n<p>El inicio del tr\u00e1mite para declarar en abandono del cargo del vicepresidente, agrega, puede darse a petici\u00f3n de cualquier asamble\u00edsta o del propio presidente Len\u00edn Moreno, una vez que hayan pasado los tres meses que dispone la ley.<\/p>\n<p>Tanto en la declaraci\u00f3n del abandono del cargo como en el juicio pol\u00edtico se necesita del pronunciamiento de la Corte Constitucional, cuyos plazos para el tr\u00e1mite no deber\u00edan superar las dos semanas, de acuerdo con el procedimiento; y en ambas v\u00edas requieren de al menos 92 votos en la Asamblea, para aprobar su cesaci\u00f3n del cargo.<\/p>\n","protected":false},"excerpt":{"rendered":"<p>Tres escenarios se presentan en torno a Jorge Glas Espinel que lo llevar\u00edan a perder su cargo de vicepresidente de<\/p>\n","protected":false},"author":1,"featured_media":15940,"comment_status":"closed","ping_status":"closed","sticky":false,"template":"","format":"standard","meta":{"footnotes":""},"categories":[5],"tags":[35],"_links":{"self":[{"href":"https:\/\/www.ecuadoraldia.com.ec\/index.php?rest_route=\/wp\/v2\/posts\/15939"}],"collection":[{"href":"https:\/\/www.ecuadoraldia.com.ec\/index.php?rest_route=\/wp\/v2\/posts"}],"about":[{"href":"https:\/\/www.ecuadoraldia.com.ec\/index.php?rest_route=\/wp\/v2\/types\/post"}],"author":[{"embeddable":true,"href":"https:\/\/www.ecuadoraldia.com.ec\/index.php?rest_route=\/wp\/v2\/users\/1"}],"replies":[{"embeddable":true,"href":"https:\/\/www.ecuadoraldia.com.ec\/index.php?rest_route=%2Fwp%2Fv2%2Fcomments&post=15939"}],"version-history":[{"count":4,"href":"https:\/\/www.ecuadoraldia.com.ec\/index.php?rest_route=\/wp\/v2\/posts\/15939\/revisions"}],"predecessor-version":[{"id":15944,"href":"https:\/\/www.ecuadoraldia.com.ec\/index.php?rest_route=\/wp\/v2\/posts\/15939\/revisions\/15944"}],"wp:featuredmedia":[{"embeddable":true,"href":"https:\/\/www.ecuadoraldia.com.ec\/index.php?rest_route=\/wp\/v2\/media\/15940"}],"wp:attachment":[{"href":"https:\/\/www.ecuadoraldia.com.ec\/index.php?rest_route=%2Fwp%2Fv2%2Fmedia&parent=15939"}],"wp:term":[{"taxonomy":"category","embeddable":true,"href":"https:\/\/www.ecuadoraldia.com.ec\/index.php?rest_route=%2Fwp%2Fv2%2Fcategories&post=15939"},{"taxonomy":"post_tag","embeddable":true,"href":"https:\/\/www.ecuadoraldia.com.ec\/index.php?rest_route=%2Fwp%2Fv2%2Ftags&post=15939"}],"curies":[{"name":"wp","href":"https:\/\/api.w.org\/{rel}","templated":true}]}}