{"id":15946,"date":"2017-11-13T16:10:14","date_gmt":"2017-11-13T21:10:14","guid":{"rendered":"http:\/\/www.ecuadoraldia.com.ec\/?p=15946"},"modified":"2017-11-13T16:10:14","modified_gmt":"2017-11-13T21:10:14","slug":"peligran-vuelos-de-tame-a-loja","status":"publish","type":"post","link":"https:\/\/www.ecuadoraldia.com.ec\/?p=15946","title":{"rendered":"Peligran vuelos de TAME a Loja."},"content":{"rendered":"<p><a href=\"http:\/\/www.ecuadoraldia.com.ec\/wp-content\/uploads\/2017\/11\/tameloja2.jpg\"><img loading=\"lazy\" decoding=\"async\" class=\"alignleft size-medium wp-image-15947\" src=\"http:\/\/www.ecuadoraldia.com.ec\/wp-content\/uploads\/2017\/11\/tameloja2-300x169.jpg\" alt=\"\" width=\"300\" height=\"169\" srcset=\"https:\/\/www.ecuadoraldia.com.ec\/wp-content\/uploads\/2017\/11\/tameloja2-300x169.jpg 300w, https:\/\/www.ecuadoraldia.com.ec\/wp-content\/uploads\/2017\/11\/tameloja2.jpg 691w\" sizes=\"(max-width: 300px) 100vw, 300px\" \/><\/a><\/p>\n<p>El exdiputado de Loja, Freddy Gonzalo Bravo Bravo, expresa su preocupaci\u00f3n por las frecuencias a Loja, pues asegura que van a vender los \u00fanicos aviones que tiene la empresa y que pueden aterrizar en el aeropuerto de Catamayo.<\/p>\n<p>TAME, al ser una empresa que a trav\u00e9s de los dignatarios, funcionarios, operadores y m\u00e1s ha dicho al pa\u00eds que est\u00e1n pr\u00e1cticamente quebrados, \u201ccasi como que no tienen salida\u201d, afirma.<\/p>\n<p>\u201cLa opci\u00f3n para aplacar la situaci\u00f3n dicen que ser\u00eda vender los activos y esos son los aviones\u201d, afirma. Argumenta que la empresa adquiri\u00f3 hace algunos a\u00f1os los aviones Embraer y uno de esos, que fue bautizado con el nombre Ciudad de Loja, es el cumple la ruta Quito-Loja y viceversa.<\/p>\n<p>\u201cSi venden los aviones Embraer, Loja autom\u00e1ticamente se queda sin servicio en esa ruta, porque los aviones Aerback no pueden volar a Catamayo porque el aeropuerto no presta las condiciones\u201d, recalca.<br \/>\nA criterio de Bravo la gente debe unirse para desde ahora evitar que se quite la frecuencia, pues considera que las autoridades no se refieren al tema, \u201cnosotros tenemos al momento con una pigricia de representaci\u00f3n\u201d, expresa<br \/>\nTAME hizo un pronunciamiento p\u00fablico ante las opiniones vertidas en los medios de comunicaci\u00f3n.<br \/>\nAh\u00ed se informa que es una empresa aut\u00f3noma y que no forma parte del presupuesto del Estado. Asegura que una empresa auditora externa est\u00e1 revisando los balances de los a\u00f1os 2012-2015. Hasta la fecha trabajan en el balance 2016.<\/p>\n<p>Adem\u00e1s, se expresa que anunciaron la venta de aviones y que no tienen previsto adquirir otro. Se refieren tambi\u00e9n a un plan de optimizaci\u00f3n y racionalizaci\u00f3n de personal.<\/p>\n","protected":false},"excerpt":{"rendered":"<p>El exdiputado de Loja, Freddy Gonzalo Bravo Bravo, expresa su preocupaci\u00f3n por las frecuencias a Loja, pues asegura que van<\/p>\n","protected":false},"author":1,"featured_media":15947,"comment_status":"closed","ping_status":"closed","sticky":false,"template":"","format":"standard","meta":{"footnotes":""},"categories":[1],"tags":[36],"_links":{"self":[{"href":"https:\/\/www.ecuadoraldia.com.ec\/index.php?rest_route=\/wp\/v2\/posts\/15946"}],"collection":[{"href":"https:\/\/www.ecuadoraldia.com.ec\/index.php?rest_route=\/wp\/v2\/posts"}],"about":[{"href":"https:\/\/www.ecuadoraldia.com.ec\/index.php?rest_route=\/wp\/v2\/types\/post"}],"author":[{"embeddable":true,"href":"https:\/\/www.ecuadoraldia.com.ec\/index.php?rest_route=\/wp\/v2\/users\/1"}],"replies":[{"embeddable":true,"href":"https:\/\/www.ecuadoraldia.com.ec\/index.php?rest_route=%2Fwp%2Fv2%2Fcomments&post=15946"}],"version-history":[{"count":1,"href":"https:\/\/www.ecuadoraldia.com.ec\/index.php?rest_route=\/wp\/v2\/posts\/15946\/revisions"}],"predecessor-version":[{"id":15948,"href":"https:\/\/www.ecuadoraldia.com.ec\/index.php?rest_route=\/wp\/v2\/posts\/15946\/revisions\/15948"}],"wp:featuredmedia":[{"embeddable":true,"href":"https:\/\/www.ecuadoraldia.com.ec\/index.php?rest_route=\/wp\/v2\/media\/15947"}],"wp:attachment":[{"href":"https:\/\/www.ecuadoraldia.com.ec\/index.php?rest_route=%2Fwp%2Fv2%2Fmedia&parent=15946"}],"wp:term":[{"taxonomy":"category","embeddable":true,"href":"https:\/\/www.ecuadoraldia.com.ec\/index.php?rest_route=%2Fwp%2Fv2%2Fcategories&post=15946"},{"taxonomy":"post_tag","embeddable":true,"href":"https:\/\/www.ecuadoraldia.com.ec\/index.php?rest_route=%2Fwp%2Fv2%2Ftags&post=15946"}],"curies":[{"name":"wp","href":"https:\/\/api.w.org\/{rel}","templated":true}]}}