{"id":15949,"date":"2017-11-13T16:14:01","date_gmt":"2017-11-13T21:14:01","guid":{"rendered":"http:\/\/www.ecuadoraldia.com.ec\/?p=15949"},"modified":"2017-11-13T16:14:01","modified_gmt":"2017-11-13T21:14:01","slug":"rechazan-pedido-de-empresarios-contra-tasa-aduanera","status":"publish","type":"post","link":"https:\/\/www.ecuadoraldia.com.ec\/?p=15949","title":{"rendered":"Rechazan pedido de empresarios contra tasa aduanera"},"content":{"rendered":"<p><a href=\"http:\/\/www.ecuadoraldia.com.ec\/wp-content\/uploads\/2017\/11\/empresarios-vs-aduana.jpeg\"><img loading=\"lazy\" decoding=\"async\" class=\"alignleft size-medium wp-image-15950\" src=\"http:\/\/www.ecuadoraldia.com.ec\/wp-content\/uploads\/2017\/11\/empresarios-vs-aduana-300x167.jpeg\" alt=\"\" width=\"300\" height=\"167\" srcset=\"https:\/\/www.ecuadoraldia.com.ec\/wp-content\/uploads\/2017\/11\/empresarios-vs-aduana-300x167.jpeg 300w, https:\/\/www.ecuadoraldia.com.ec\/wp-content\/uploads\/2017\/11\/empresarios-vs-aduana.jpeg 612w\" sizes=\"(max-width: 300px) 100vw, 300px\" \/><\/a><\/p>\n<p>La jueza de Garant\u00edas Penales de Guayas, Gladys Mart\u00ednez, declar\u00f3 hoy improcedente la viabilidad de una acci\u00f3n de medidas cautelares presentada el s\u00e1bado, en una unidad judicial de Guayaquil.<\/p>\n<p>El pedido fue entregado por Gabriela Uquillas, asesora en materia aduanera de las c\u00e1maras de la Producci\u00f3n, Industrias, Comercio y Construcci\u00f3n de Guayaquil, para evitar que entre vigencia, desde este lunes, una Tasa Aduanera que obliga el cobro de 10 centavos adicionales a los importadores de mercanc\u00edas.<\/p>\n<p>Mart\u00ednez notific\u00f3 hoy a los demandantes el rechazo de la acci\u00f3n tras declararla improcedente. Esto, mientras los empresarios explican que el cobro de la tasa genera un \u00abimpacto muy fuerte\u00bb en todos los sectores de la econom\u00eda, especialmente, en la industria, la construcci\u00f3n y comercio.<\/p>\n<p>Jos\u00e9 Camposano, titular de la C\u00e1mara de Acuacultura, explic\u00f3 que en el caso de su sector, la tasa generar\u00e1 un impacto de un mill\u00f3n de d\u00f3lares anuales a las empresas vinculadas al sector por concepto de importaci\u00f3n de insumos e implmentos.<\/p>\n","protected":false},"excerpt":{"rendered":"<p>La jueza de Garant\u00edas Penales de Guayas, Gladys Mart\u00ednez, declar\u00f3 hoy improcedente la viabilidad de una acci\u00f3n de medidas cautelares<\/p>\n","protected":false},"author":1,"featured_media":15950,"comment_status":"closed","ping_status":"closed","sticky":false,"template":"","format":"standard","meta":{"footnotes":""},"categories":[5],"tags":[],"_links":{"self":[{"href":"https:\/\/www.ecuadoraldia.com.ec\/index.php?rest_route=\/wp\/v2\/posts\/15949"}],"collection":[{"href":"https:\/\/www.ecuadoraldia.com.ec\/index.php?rest_route=\/wp\/v2\/posts"}],"about":[{"href":"https:\/\/www.ecuadoraldia.com.ec\/index.php?rest_route=\/wp\/v2\/types\/post"}],"author":[{"embeddable":true,"href":"https:\/\/www.ecuadoraldia.com.ec\/index.php?rest_route=\/wp\/v2\/users\/1"}],"replies":[{"embeddable":true,"href":"https:\/\/www.ecuadoraldia.com.ec\/index.php?rest_route=%2Fwp%2Fv2%2Fcomments&post=15949"}],"version-history":[{"count":1,"href":"https:\/\/www.ecuadoraldia.com.ec\/index.php?rest_route=\/wp\/v2\/posts\/15949\/revisions"}],"predecessor-version":[{"id":15951,"href":"https:\/\/www.ecuadoraldia.com.ec\/index.php?rest_route=\/wp\/v2\/posts\/15949\/revisions\/15951"}],"wp:featuredmedia":[{"embeddable":true,"href":"https:\/\/www.ecuadoraldia.com.ec\/index.php?rest_route=\/wp\/v2\/media\/15950"}],"wp:attachment":[{"href":"https:\/\/www.ecuadoraldia.com.ec\/index.php?rest_route=%2Fwp%2Fv2%2Fmedia&parent=15949"}],"wp:term":[{"taxonomy":"category","embeddable":true,"href":"https:\/\/www.ecuadoraldia.com.ec\/index.php?rest_route=%2Fwp%2Fv2%2Fcategories&post=15949"},{"taxonomy":"post_tag","embeddable":true,"href":"https:\/\/www.ecuadoraldia.com.ec\/index.php?rest_route=%2Fwp%2Fv2%2Ftags&post=15949"}],"curies":[{"name":"wp","href":"https:\/\/api.w.org\/{rel}","templated":true}]}}