{"id":15953,"date":"2017-11-14T18:08:46","date_gmt":"2017-11-14T23:08:46","guid":{"rendered":"http:\/\/www.ecuadoraldia.com.ec\/?p=15953"},"modified":"2017-11-14T18:08:46","modified_gmt":"2017-11-14T23:08:46","slug":"el-estado-adeuda-8-millones-a-tame","status":"publish","type":"post","link":"https:\/\/www.ecuadoraldia.com.ec\/?p=15953","title":{"rendered":"El Estado adeuda $ 8 millones a Tame"},"content":{"rendered":"<p><a href=\"http:\/\/www.ecuadoraldia.com.ec\/wp-content\/uploads\/2017\/11\/TAME-EN-QUIEBRA.jpg\"><img loading=\"lazy\" decoding=\"async\" class=\"alignleft size-medium wp-image-15954\" src=\"http:\/\/www.ecuadoraldia.com.ec\/wp-content\/uploads\/2017\/11\/TAME-EN-QUIEBRA-300x142.jpg\" alt=\"\" width=\"300\" height=\"142\" srcset=\"https:\/\/www.ecuadoraldia.com.ec\/wp-content\/uploads\/2017\/11\/TAME-EN-QUIEBRA-300x142.jpg 300w, https:\/\/www.ecuadoraldia.com.ec\/wp-content\/uploads\/2017\/11\/TAME-EN-QUIEBRA-768x362.jpg 768w, https:\/\/www.ecuadoraldia.com.ec\/wp-content\/uploads\/2017\/11\/TAME-EN-QUIEBRA-1024x483.jpg 1024w, https:\/\/www.ecuadoraldia.com.ec\/wp-content\/uploads\/2017\/11\/TAME-EN-QUIEBRA.jpg 1200w\" sizes=\"(max-width: 300px) 100vw, 300px\" \/><\/a><\/p>\n<p>El nuevo directorio de Tame EP recibi\u00f3 una empresa con un d\u00e9ficit que bordea los $ 194 millones. As\u00ed lo indic\u00f3 Octavio P\u00e9rez, gerente general de la empresa p\u00fablica.<\/p>\n<p>P\u00e9rez detall\u00f3 que actualmente Tame tendr\u00eda una deuda a largo plazo de $ 175 millones, y de $ 19 millones a corto plazo, sobre todo por retrasos en pagos de vuelos y pago a proveedores. Del \u00faltimo monto, el Estado es responsable de $ 8 millones por concepto de viajes realizados por miembros de varias carteras de Gobierno durante los \u00faltimos dos a\u00f1os; la Presidencia de la Rep\u00fablica se encuentra entre ellas.<\/p>\n<p>Por ello, una de las principales estrategias que el directorio adoptar\u00e1 es la recuperaci\u00f3n de cartera vencida. En el caso del Estado, Tame aspira a recibir el pago total de la deuda hasta el 15 de diciembre de este a\u00f1o. Esto le permitir\u00e1 cubrir el pago de compromisos urgentes, como la desvinculaci\u00f3n de 80 trabajadores de la empresa.<\/p>\n<p>La empresa tambi\u00e9n planea rematar 11 bienes inmuebles fuera de uso, que aportar\u00e1n $ 4, 7 millones. Adem\u00e1s vender\u00e1 5 aviones propios y cancelar\u00e1 el alquiler de otras 3 naves hasta el primer trimestre de 2018. Esto le permitir\u00e1 a la empresa renovar paulatinamente la flota, hasta contar con 10 aviones de medio y corto radio, que no superen los 7 a\u00f1os de antig\u00fcedad.<\/p>\n<p>P\u00e9rez tambi\u00e9n reconoci\u00f3 que la impuntualidad en vuelos y la disminuci\u00f3n de los mismos se debieron a la falta de recursos para realizar los mantenimientos necesarios a las naves. Esto se tradujo en p\u00e9rdida de mercados y reducci\u00f3n de ingresos.<\/p>\n<p>Ante esto, Ignacio Vallejo, presidente del directorio de Tame EP, explic\u00f3 que un equipo directivo totalmente renovado trabaja en un proceso de reestructuraci\u00f3n total para levantar la empresa. \u201cEn un mes ya se puede apreciar la gesti\u00f3n de la nueva directiva\u201d, se\u00f1al\u00f3.<\/p>\n<p>En el mes de octubre, la programaci\u00f3n de vuelos se cumpli\u00f3 en un 98%, a diferencia del mes de septiembre, cuando se cumpli\u00f3 el 85%. Asimismo, la puntualidad pas\u00f3 de 79% al 90% en el mismo lapso.<\/p>\n<p>Seg\u00fan Vallejo, gracias a ello el porcentaje de quejas por el servicio se redujo en un 57%; mientras que los vuelos se incrementaron en un 27% y el n\u00famero de asientos en un 63%. (I-EL TEL\u00c9GRAFO)<\/p>\n","protected":false},"excerpt":{"rendered":"<p>El nuevo directorio de Tame EP recibi\u00f3 una empresa con un d\u00e9ficit que bordea los $ 194 millones. As\u00ed lo<\/p>\n","protected":false},"author":1,"featured_media":15954,"comment_status":"closed","ping_status":"closed","sticky":false,"template":"","format":"standard","meta":{"footnotes":""},"categories":[9],"tags":[],"_links":{"self":[{"href":"https:\/\/www.ecuadoraldia.com.ec\/index.php?rest_route=\/wp\/v2\/posts\/15953"}],"collection":[{"href":"https:\/\/www.ecuadoraldia.com.ec\/index.php?rest_route=\/wp\/v2\/posts"}],"about":[{"href":"https:\/\/www.ecuadoraldia.com.ec\/index.php?rest_route=\/wp\/v2\/types\/post"}],"author":[{"embeddable":true,"href":"https:\/\/www.ecuadoraldia.com.ec\/index.php?rest_route=\/wp\/v2\/users\/1"}],"replies":[{"embeddable":true,"href":"https:\/\/www.ecuadoraldia.com.ec\/index.php?rest_route=%2Fwp%2Fv2%2Fcomments&post=15953"}],"version-history":[{"count":1,"href":"https:\/\/www.ecuadoraldia.com.ec\/index.php?rest_route=\/wp\/v2\/posts\/15953\/revisions"}],"predecessor-version":[{"id":15955,"href":"https:\/\/www.ecuadoraldia.com.ec\/index.php?rest_route=\/wp\/v2\/posts\/15953\/revisions\/15955"}],"wp:featuredmedia":[{"embeddable":true,"href":"https:\/\/www.ecuadoraldia.com.ec\/index.php?rest_route=\/wp\/v2\/media\/15954"}],"wp:attachment":[{"href":"https:\/\/www.ecuadoraldia.com.ec\/index.php?rest_route=%2Fwp%2Fv2%2Fmedia&parent=15953"}],"wp:term":[{"taxonomy":"category","embeddable":true,"href":"https:\/\/www.ecuadoraldia.com.ec\/index.php?rest_route=%2Fwp%2Fv2%2Fcategories&post=15953"},{"taxonomy":"post_tag","embeddable":true,"href":"https:\/\/www.ecuadoraldia.com.ec\/index.php?rest_route=%2Fwp%2Fv2%2Ftags&post=15953"}],"curies":[{"name":"wp","href":"https:\/\/api.w.org\/{rel}","templated":true}]}}