{"id":15956,"date":"2017-11-14T18:11:52","date_gmt":"2017-11-14T23:11:52","guid":{"rendered":"http:\/\/www.ecuadoraldia.com.ec\/?p=15956"},"modified":"2017-11-14T18:11:52","modified_gmt":"2017-11-14T23:11:52","slug":"choque-entre-bus-y-moto-dejo-2-muertos-en-el-oro","status":"publish","type":"post","link":"https:\/\/www.ecuadoraldia.com.ec\/?p=15956","title":{"rendered":"Choque entre bus y moto dej\u00f3 2 muertos en El Oro"},"content":{"rendered":"<p><a href=\"http:\/\/www.ecuadoraldia.com.ec\/wp-content\/uploads\/2017\/11\/BUS-ORO.jpg\"><img loading=\"lazy\" decoding=\"async\" class=\"alignleft size-medium wp-image-15957\" src=\"http:\/\/www.ecuadoraldia.com.ec\/wp-content\/uploads\/2017\/11\/BUS-ORO-300x142.jpg\" alt=\"\" width=\"300\" height=\"142\" srcset=\"https:\/\/www.ecuadoraldia.com.ec\/wp-content\/uploads\/2017\/11\/BUS-ORO-300x142.jpg 300w, https:\/\/www.ecuadoraldia.com.ec\/wp-content\/uploads\/2017\/11\/BUS-ORO-768x362.jpg 768w, https:\/\/www.ecuadoraldia.com.ec\/wp-content\/uploads\/2017\/11\/BUS-ORO-1024x483.jpg 1024w, https:\/\/www.ecuadoraldia.com.ec\/wp-content\/uploads\/2017\/11\/BUS-ORO.jpg 1200w\" sizes=\"(max-width: 300px) 100vw, 300px\" \/><\/a><\/p>\n<p>Un bus de transporte intercantonal se impact\u00f3 este martes contra una motocicleta, a la altura del redondel de ingreso a Puerto Jel\u00ed, en el cant\u00f3n orense de Santa Rosa, causando la muerte de dos personas.<\/p>\n<p>Luego del choque, el veh\u00edculo pesado se incendi\u00f3, por lo que fue necesaria la intervenci\u00f3n del Cuerpo de Bomberos de la localidad, inform\u00f3 el Servicio Integrado de Seguridad ECU-911.<\/p>\n<p>Al sitio del accidente lleg\u00f3 tambi\u00e9n personal del Ministerio de Salud P\u00fablica (MSP), una patrulla de la Comisi\u00f3n de Tr\u00e1nsito del Ecuador (CTE) y personal de la Polic\u00eda Nacional. El tr\u00e1nsito en el punto fue suspendido por cerca de dos horas.<\/p>\n<p>Seg\u00fan reportes de la CTE y el MSP, en el lugar se constat\u00f3 dos fallecidos producto del accidente, quienes ser\u00edan los ocupantes de la motocicleta. Mientras, los pasajeros del bus lograron evacuar a tiempo el veh\u00edculo.<\/p>\n<p>Los automotores fueron trasladados hasta el centro de retenci\u00f3n vehicular de la ciudad de Arenillas, hasta que se realicen las investigaciones del caso. (I) (EL TEL\u00c9GRAFO)<\/p>\n","protected":false},"excerpt":{"rendered":"<p>Un bus de transporte intercantonal se impact\u00f3 este martes contra una motocicleta, a la altura del redondel de ingreso a<\/p>\n","protected":false},"author":1,"featured_media":15957,"comment_status":"closed","ping_status":"closed","sticky":false,"template":"","format":"standard","meta":{"footnotes":""},"categories":[20],"tags":[],"_links":{"self":[{"href":"https:\/\/www.ecuadoraldia.com.ec\/index.php?rest_route=\/wp\/v2\/posts\/15956"}],"collection":[{"href":"https:\/\/www.ecuadoraldia.com.ec\/index.php?rest_route=\/wp\/v2\/posts"}],"about":[{"href":"https:\/\/www.ecuadoraldia.com.ec\/index.php?rest_route=\/wp\/v2\/types\/post"}],"author":[{"embeddable":true,"href":"https:\/\/www.ecuadoraldia.com.ec\/index.php?rest_route=\/wp\/v2\/users\/1"}],"replies":[{"embeddable":true,"href":"https:\/\/www.ecuadoraldia.com.ec\/index.php?rest_route=%2Fwp%2Fv2%2Fcomments&post=15956"}],"version-history":[{"count":1,"href":"https:\/\/www.ecuadoraldia.com.ec\/index.php?rest_route=\/wp\/v2\/posts\/15956\/revisions"}],"predecessor-version":[{"id":15958,"href":"https:\/\/www.ecuadoraldia.com.ec\/index.php?rest_route=\/wp\/v2\/posts\/15956\/revisions\/15958"}],"wp:featuredmedia":[{"embeddable":true,"href":"https:\/\/www.ecuadoraldia.com.ec\/index.php?rest_route=\/wp\/v2\/media\/15957"}],"wp:attachment":[{"href":"https:\/\/www.ecuadoraldia.com.ec\/index.php?rest_route=%2Fwp%2Fv2%2Fmedia&parent=15956"}],"wp:term":[{"taxonomy":"category","embeddable":true,"href":"https:\/\/www.ecuadoraldia.com.ec\/index.php?rest_route=%2Fwp%2Fv2%2Fcategories&post=15956"},{"taxonomy":"post_tag","embeddable":true,"href":"https:\/\/www.ecuadoraldia.com.ec\/index.php?rest_route=%2Fwp%2Fv2%2Ftags&post=15956"}],"curies":[{"name":"wp","href":"https:\/\/api.w.org\/{rel}","templated":true}]}}