{"id":160,"date":"2013-04-23T19:50:35","date_gmt":"2013-04-23T19:50:35","guid":{"rendered":"http:\/\/www.ecuadoraldia.com.ec\/?p=160"},"modified":"2013-04-23T19:50:35","modified_gmt":"2013-04-23T19:50:35","slug":"se-inicia-el-proceso-de-remocion-del-alcalde-de-riobamba-por-desvio-de-fondos","status":"publish","type":"post","link":"https:\/\/www.ecuadoraldia.com.ec\/?p=160","title":{"rendered":"Se inicia el proceso de remoci\u00f3n del alcalde de Riobamba por desv\u00edo de fondos"},"content":{"rendered":"<p><em><a href=\"http:\/\/www.ecuadoraldia.com.ec\/wp-content\/uploads\/2013\/04\/j-salazar.jpg\"><img loading=\"lazy\" decoding=\"async\" class=\"alignleft size-medium wp-image-161\" alt=\"j salazar\" src=\"http:\/\/www.ecuadoraldia.com.ec\/wp-content\/uploads\/2013\/04\/j-salazar-300x200.jpg\" width=\"300\" height=\"200\" srcset=\"https:\/\/www.ecuadoraldia.com.ec\/wp-content\/uploads\/2013\/04\/j-salazar-300x200.jpg 300w, https:\/\/www.ecuadoraldia.com.ec\/wp-content\/uploads\/2013\/04\/j-salazar.jpg 720w\" sizes=\"(max-width: 300px) 100vw, 300px\" \/><\/a><\/em>El Concejo Municipal de Riobamba aprob\u00f3 a ayer una resoluci\u00f3n para iniciar el proceso para la remoci\u00f3n del alcalde de la ciudad, Juan Salazar, y adem\u00e1s pidi\u00f3 la destituci\u00f3n de la directora financiera del Cabildo, Fanny Lasso, por el desv\u00edo de m\u00e1s de $13 millones de la Municipalidad.<\/p>\n<p>Los 11 concejales permanecieron en una reuni\u00f3n desde las 18:00 hasta las 23:00 de este lunes, el concejal Pablo Mu\u00f1oz mocion\u00f3 la remoci\u00f3n de Juan Salazar en su cargo de alcalde. La propuesta fue apoyada por nueve concejales.<\/p>\n<p>C\u00e9sar Garc\u00eda, uno de los concejales que particip\u00f3 de la reuni\u00f3n, se\u00f1al\u00f3 esta ma\u00f1ana que la remoci\u00f3n del alcalde de Riobamba ha sido solicitado de acuerdo al C\u00f3digo Org\u00e1nico de Ordenamiento Territorial, Autonom\u00eda y Descentralizaci\u00f3n (COOTAD).<\/p>\n<p>El pasado 12 de abril, el alcalde denunci\u00f3 un robo de $13 308 261 de la cuenta del cabildo en el Banco Central del Ecuador (BCE). En sus declaraciones afirm\u00f3 que se trataba de un hackeo inform\u00e1tico.<\/p>\n<p>En tanto, el BCE neg\u00f3 un hackeo al Sistema de Pagos Interbancarios del Sector P\u00fablico y se\u00f1al\u00f3 que se trata de un mal uso de la clave de acceso y de la llave electr\u00f3nica del Municipio. (Hoy)<\/p>\n<p>&nbsp;<\/p>\n","protected":false},"excerpt":{"rendered":"<p>El Concejo Municipal de Riobamba aprob\u00f3 a ayer una resoluci\u00f3n para iniciar el proceso para la remoci\u00f3n del alcalde de<\/p>\n","protected":false},"author":1,"featured_media":0,"comment_status":"open","ping_status":"open","sticky":false,"template":"","format":"standard","meta":{"footnotes":""},"categories":[11],"tags":[],"_links":{"self":[{"href":"https:\/\/www.ecuadoraldia.com.ec\/index.php?rest_route=\/wp\/v2\/posts\/160"}],"collection":[{"href":"https:\/\/www.ecuadoraldia.com.ec\/index.php?rest_route=\/wp\/v2\/posts"}],"about":[{"href":"https:\/\/www.ecuadoraldia.com.ec\/index.php?rest_route=\/wp\/v2\/types\/post"}],"author":[{"embeddable":true,"href":"https:\/\/www.ecuadoraldia.com.ec\/index.php?rest_route=\/wp\/v2\/users\/1"}],"replies":[{"embeddable":true,"href":"https:\/\/www.ecuadoraldia.com.ec\/index.php?rest_route=%2Fwp%2Fv2%2Fcomments&post=160"}],"version-history":[{"count":2,"href":"https:\/\/www.ecuadoraldia.com.ec\/index.php?rest_route=\/wp\/v2\/posts\/160\/revisions"}],"predecessor-version":[{"id":163,"href":"https:\/\/www.ecuadoraldia.com.ec\/index.php?rest_route=\/wp\/v2\/posts\/160\/revisions\/163"}],"wp:attachment":[{"href":"https:\/\/www.ecuadoraldia.com.ec\/index.php?rest_route=%2Fwp%2Fv2%2Fmedia&parent=160"}],"wp:term":[{"taxonomy":"category","embeddable":true,"href":"https:\/\/www.ecuadoraldia.com.ec\/index.php?rest_route=%2Fwp%2Fv2%2Fcategories&post=160"},{"taxonomy":"post_tag","embeddable":true,"href":"https:\/\/www.ecuadoraldia.com.ec\/index.php?rest_route=%2Fwp%2Fv2%2Ftags&post=160"}],"curies":[{"name":"wp","href":"https:\/\/api.w.org\/{rel}","templated":true}]}}