{"id":16038,"date":"2017-12-08T08:25:47","date_gmt":"2017-12-08T13:25:47","guid":{"rendered":"http:\/\/www.ecuadoraldia.com.ec\/?p=16038"},"modified":"2017-12-08T08:32:29","modified_gmt":"2017-12-08T13:32:29","slug":"el-sur-de-quito-aun-clama-por-agua","status":"publish","type":"post","link":"https:\/\/www.ecuadoraldia.com.ec\/?p=16038","title":{"rendered":"El Sur de Quito a\u00fan clama por agua."},"content":{"rendered":"<p><a href=\"http:\/\/www.ecuadoraldia.com.ec\/wp-content\/uploads\/2017\/12\/sin-agua.jpeg\"><img loading=\"lazy\" decoding=\"async\" class=\"alignleft size-medium wp-image-16039\" src=\"http:\/\/www.ecuadoraldia.com.ec\/wp-content\/uploads\/2017\/12\/sin-agua-300x168.jpeg\" alt=\"\" width=\"300\" height=\"168\" srcset=\"https:\/\/www.ecuadoraldia.com.ec\/wp-content\/uploads\/2017\/12\/sin-agua-300x168.jpeg 300w, https:\/\/www.ecuadoraldia.com.ec\/wp-content\/uploads\/2017\/12\/sin-agua.jpeg 612w\" sizes=\"(max-width: 300px) 100vw, 300px\" \/><\/a><\/p>\n<p>Los quite\u00f1os y no quite\u00f1os hemos soportado las 48h00 m\u00e1s dif\u00edciles por la falta de agua. La noticia no fue de impacto en algunos medios de comunicaci\u00f3n. La primera noticia fue el caso Glas la que abri\u00f3 los espacios informativos y esta, la m\u00e1s importante, qued\u00f3 el quinto o sexto lugar. Cuando debi\u00f3 ser la nota de impacto. Media ciudad sin agua, la gente forcejeando y maltrat\u00e1ndose por una botella de agua y no era noticia para abrir los noticiarios de la televisi\u00f3n.<\/p>\n<p>Los tanqueros de Agua de Quito no llegaron a todos los lugares. La desesperaci\u00f3n por falta de tanqueros llev\u00f3 a la gente de Solanda a recoger agua de la pileta del Mercado Mayorista y, de paso, refrescarse un poco. Desde las 08:30 hizo filas en algunos sectores a la espera del abastecimiento del l\u00edquido vital; otros prefirieron pedir el agua a los vecinos caritativos de otros barrios del norte.<\/p>\n<p>Para el medio d\u00eda de hoy el Alcalde Mauricio Rodas, ha ofrecido que se ir\u00e1 abasteciendo paulatinamente a la ciudadan\u00eda de agua.<\/p>\n<p><a href=\"http:\/\/www.ecuadoraldia.com.ec\/wp-content\/uploads\/2017\/12\/troje-canal.jpg\"><img loading=\"lazy\" decoding=\"async\" class=\"alignleft size-medium wp-image-16043\" src=\"http:\/\/www.ecuadoraldia.com.ec\/wp-content\/uploads\/2017\/12\/troje-canal-300x200.jpg\" alt=\"\" width=\"300\" height=\"200\" srcset=\"https:\/\/www.ecuadoraldia.com.ec\/wp-content\/uploads\/2017\/12\/troje-canal-300x200.jpg 300w, https:\/\/www.ecuadoraldia.com.ec\/wp-content\/uploads\/2017\/12\/troje-canal.jpg 675w\" sizes=\"(max-width: 300px) 100vw, 300px\" \/><\/a><\/p>\n<p>Adem\u00e1s una comisi\u00f3n especial investiga las causas del deslizamiento en El Troje<\/p>\n<p>Es la escombrera m\u00e1s grande de Quito, que el martes 5 de diciembre del 2017 por la noche colaps\u00f3: 150 000 m\u00b3 de tierra se deslizaron monta\u00f1a abajo taponando 300 metros del canal de agua Pita-Puengas\u00ed, por donde va el l\u00edquido vital para abastecer a 600 000 personas, casi el 25% de la poblaci\u00f3n de Quito.<\/p>\n<p>Seg\u00fan Juan Zapata, secretario de Seguridad del Municipio, se form\u00f3 una comisi\u00f3n multidisciplinaria entre la Emgirs, la Epmaps y la Secretar\u00eda de Riesgos para investigar las causas del deslave.<\/p>\n<p>La suspensi\u00f3n de agua afect\u00f3 a 12 casas de salud que se localizan entre la avenida Mor\u00e1n Valverde (sur) y la Naciones Unidas (norte). En las Unidades Municipales de Salud Sur y Centro la atenci\u00f3n en consulta externa fue suspendida a partir del mediod\u00eda del 7 de diciembre . All\u00ed se atendi\u00f3 solo en emergencias.<\/p>\n<p>En el centro la falta de agua potable complic\u00f3 a los locales del Centro Hist\u00f3rico. Guadalupe Flores, propietaria de la cafeter\u00eda Dulcer\u00eda Colonial, ubicada bajo la Catedral, se vio obligada a vender la comida en utensilios desechables para evitar usar agua lavando la vajilla. \u201cNo han llegado tanqueros\u201d, sostuvo.<\/p>\n<p>Los ba\u00f1os p\u00fablicos del Centro Hist\u00f3rico permanecieron inhabilitados. Los locales de venta de comida tuvieron restringido el acceso a sus ba\u00f1os.<\/p>\n<p>&nbsp;<\/p>\n<p>&nbsp;<\/p>\n<p>&nbsp;<\/p>\n","protected":false},"excerpt":{"rendered":"<p>Los quite\u00f1os y no quite\u00f1os hemos soportado las 48h00 m\u00e1s dif\u00edciles por la falta de agua. La noticia no fue<\/p>\n","protected":false},"author":1,"featured_media":16039,"comment_status":"closed","ping_status":"closed","sticky":false,"template":"","format":"standard","meta":{"footnotes":""},"categories":[1],"tags":[],"_links":{"self":[{"href":"https:\/\/www.ecuadoraldia.com.ec\/index.php?rest_route=\/wp\/v2\/posts\/16038"}],"collection":[{"href":"https:\/\/www.ecuadoraldia.com.ec\/index.php?rest_route=\/wp\/v2\/posts"}],"about":[{"href":"https:\/\/www.ecuadoraldia.com.ec\/index.php?rest_route=\/wp\/v2\/types\/post"}],"author":[{"embeddable":true,"href":"https:\/\/www.ecuadoraldia.com.ec\/index.php?rest_route=\/wp\/v2\/users\/1"}],"replies":[{"embeddable":true,"href":"https:\/\/www.ecuadoraldia.com.ec\/index.php?rest_route=%2Fwp%2Fv2%2Fcomments&post=16038"}],"version-history":[{"count":4,"href":"https:\/\/www.ecuadoraldia.com.ec\/index.php?rest_route=\/wp\/v2\/posts\/16038\/revisions"}],"predecessor-version":[{"id":16044,"href":"https:\/\/www.ecuadoraldia.com.ec\/index.php?rest_route=\/wp\/v2\/posts\/16038\/revisions\/16044"}],"wp:featuredmedia":[{"embeddable":true,"href":"https:\/\/www.ecuadoraldia.com.ec\/index.php?rest_route=\/wp\/v2\/media\/16039"}],"wp:attachment":[{"href":"https:\/\/www.ecuadoraldia.com.ec\/index.php?rest_route=%2Fwp%2Fv2%2Fmedia&parent=16038"}],"wp:term":[{"taxonomy":"category","embeddable":true,"href":"https:\/\/www.ecuadoraldia.com.ec\/index.php?rest_route=%2Fwp%2Fv2%2Fcategories&post=16038"},{"taxonomy":"post_tag","embeddable":true,"href":"https:\/\/www.ecuadoraldia.com.ec\/index.php?rest_route=%2Fwp%2Fv2%2Ftags&post=16038"}],"curies":[{"name":"wp","href":"https:\/\/api.w.org\/{rel}","templated":true}]}}