{"id":16045,"date":"2017-12-08T08:36:43","date_gmt":"2017-12-08T13:36:43","guid":{"rendered":"http:\/\/www.ecuadoraldia.com.ec\/?p=16045"},"modified":"2017-12-08T08:36:43","modified_gmt":"2017-12-08T13:36:43","slug":"el-cne-convoco-a-la-consulta-popular-el-4-de-febrero-del-2018","status":"publish","type":"post","link":"https:\/\/www.ecuadoraldia.com.ec\/?p=16045","title":{"rendered":"El CNE convoc\u00f3 a la consulta popular el 4 de febrero del 2018"},"content":{"rendered":"<p><a href=\"http:\/\/www.ecuadoraldia.com.ec\/wp-content\/uploads\/2017\/12\/consultap.jpg\"><img loading=\"lazy\" decoding=\"async\" class=\"alignleft size-medium wp-image-16046\" src=\"http:\/\/www.ecuadoraldia.com.ec\/wp-content\/uploads\/2017\/12\/consultap-300x183.jpg\" alt=\"\" width=\"300\" height=\"183\" srcset=\"https:\/\/www.ecuadoraldia.com.ec\/wp-content\/uploads\/2017\/12\/consultap-300x183.jpg 300w, https:\/\/www.ecuadoraldia.com.ec\/wp-content\/uploads\/2017\/12\/consultap.jpg 737w\" sizes=\"(max-width: 300px) 100vw, 300px\" \/><\/a><\/p>\n<p>La convocatoria fue realizada mediante cadena nacional de radio y televisi\u00f3n la noche de este jueves 7 de diciembre. La presidenta del Consejo Nacional Electoral, Nubia Villac\u00eds, acompa\u00f1ada por los dem\u00e1s consejeros del organismo: Ana Marcela Paredes, Pa\u00fal Salazar, Mauricio Tayupanta, Luz Haro. Cada uno a su turno anunciaron la fecha de la consulta popular, el listado de preguntas y el detalle del proceso.<\/p>\n<p>El texto, que est\u00e1 en espa\u00f1ol y quichua, contiene siete preguntas y sus anexos, cinco para el refer\u00e9ndum y dos para la consulta popular.<\/p>\n<p>Preguntas del refer\u00e9ndum<\/p>\n<p>1. Muerte civil por actos de corrupci\u00f3n;<br \/>\n2. Prohibici\u00f3n de la reelecci\u00f3n indefinida;<br \/>\n3. Reestructuraci\u00f3n del Consejo de Participaci\u00f3n Ciudadana;<br \/>\n4. Propone que los cr\u00edmenes sexuales contra ni\u00f1os, ni\u00f1as y adolescentes no prescriban nunca;<br \/>\n5. Prohibici\u00f3n de la miner\u00eda met\u00e1lica en \u00e1reas urbanas, protegidas e intangibles;<br \/>\n6. Eliminaci\u00f3n de la denominada Ley de Plusval\u00eda;<br \/>\n7. Reducci\u00f3n de la zona de explotaci\u00f3n petrolera en el Yasun\u00ed ITT.<\/p>\n<p>La convocatoria se ampara en lo dispuesto en el art\u00edculo 104 de la Constituci\u00f3n; y, en atenci\u00f3n a los Decretos Ejecutivos N\u00famero 229 y 230 presentados ante el CNE, el pasado 29 de noviembre, por parte de la Secretaria Jur\u00eddica de la Presidencia de la Rep\u00fablica, Johana Pes\u00e1ntez.<\/p>\n","protected":false},"excerpt":{"rendered":"<p>La convocatoria fue realizada mediante cadena nacional de radio y televisi\u00f3n la noche de este jueves 7 de diciembre. La<\/p>\n","protected":false},"author":1,"featured_media":16046,"comment_status":"closed","ping_status":"closed","sticky":false,"template":"","format":"standard","meta":{"footnotes":""},"categories":[11],"tags":[],"_links":{"self":[{"href":"https:\/\/www.ecuadoraldia.com.ec\/index.php?rest_route=\/wp\/v2\/posts\/16045"}],"collection":[{"href":"https:\/\/www.ecuadoraldia.com.ec\/index.php?rest_route=\/wp\/v2\/posts"}],"about":[{"href":"https:\/\/www.ecuadoraldia.com.ec\/index.php?rest_route=\/wp\/v2\/types\/post"}],"author":[{"embeddable":true,"href":"https:\/\/www.ecuadoraldia.com.ec\/index.php?rest_route=\/wp\/v2\/users\/1"}],"replies":[{"embeddable":true,"href":"https:\/\/www.ecuadoraldia.com.ec\/index.php?rest_route=%2Fwp%2Fv2%2Fcomments&post=16045"}],"version-history":[{"count":1,"href":"https:\/\/www.ecuadoraldia.com.ec\/index.php?rest_route=\/wp\/v2\/posts\/16045\/revisions"}],"predecessor-version":[{"id":16047,"href":"https:\/\/www.ecuadoraldia.com.ec\/index.php?rest_route=\/wp\/v2\/posts\/16045\/revisions\/16047"}],"wp:featuredmedia":[{"embeddable":true,"href":"https:\/\/www.ecuadoraldia.com.ec\/index.php?rest_route=\/wp\/v2\/media\/16046"}],"wp:attachment":[{"href":"https:\/\/www.ecuadoraldia.com.ec\/index.php?rest_route=%2Fwp%2Fv2%2Fmedia&parent=16045"}],"wp:term":[{"taxonomy":"category","embeddable":true,"href":"https:\/\/www.ecuadoraldia.com.ec\/index.php?rest_route=%2Fwp%2Fv2%2Fcategories&post=16045"},{"taxonomy":"post_tag","embeddable":true,"href":"https:\/\/www.ecuadoraldia.com.ec\/index.php?rest_route=%2Fwp%2Fv2%2Ftags&post=16045"}],"curies":[{"name":"wp","href":"https:\/\/api.w.org\/{rel}","templated":true}]}}